{"id":9992,"date":"2025-09-16T08:22:19","date_gmt":"2025-09-16T11:22:19","guid":{"rendered":"https:\/\/canela.rs.gov.br\/sitenovo\/?p=9992"},"modified":"2025-09-16T08:22:20","modified_gmt":"2025-09-16T11:22:20","slug":"programa-ecocidadania-de-canela-esta-entre-selecionados-para-mostra-nacional-em-bh","status":"publish","type":"post","link":"https:\/\/canela.rs.gov.br\/sitenovo\/programa-ecocidadania-de-canela-esta-entre-selecionados-para-mostra-nacional-em-bh\/","title":{"rendered":"Programa Ecocidadania de Canela est\u00e1 entre selecionados para Mostra Nacional em BH"},"content":{"rendered":"\n<p>O Programa Ecocidadania&nbsp;da Prefeitura de Canela, realizado nas escolas da rede municipal, foi selecionado pelo Minist\u00e9rio da Educa\u00e7\u00e3o (MEC) para participar da Mostra Nacional Mapa de Experi\u00eancias, que acontecer\u00e1 nos dias 1\u00ba e 2 de outubro em Belo Horizonte, na Universidade Federal de Minas Gerais (UFMG).<\/p>\n\n\n\n<p>A sele\u00e7\u00e3o foi realizada pelo Programa Experi\u00eancias Inspiradoras de Gest\u00e3o e Projetos Pedag\u00f3gicos de Educa\u00e7\u00e3o Integral em Tempo Integral, atrav\u00e9s do edital 2\/2025 do MEC\/Secretaria de Educa\u00e7\u00e3o B\u00e1sica, no eixo intersetorialidade e articula\u00e7\u00e3o.<\/p>\n\n\n\n<p>De acordo com a Secretaria Municipal de Educa\u00e7\u00e3o, Esporte e Lazer (SMEEL), Canela est\u00e1 entre os 127 trabalhos selecionados de todo o Brasil. No total, foram inscritas 869 a\u00e7\u00f5es de escolas em tempo integral de todo o Brasil. Dessas, 714 foram selecionadas para difus\u00e3o em quatro modalidades: mapa de experi\u00eancias, mostra nacional, rede de trocas e caderno de narrativas. Na Regi\u00e3o Sul, 127 trabalhos foram selecionados, sendo apenas 10 escolhidos para a Mostra Nacional, e Canela foi uma das cidades contempladas. Al\u00e9m disso, o Programa Ecocidadania foi selecionado tamb\u00e9m para fazer parte do mapa de experi\u00eancias, ampliando sua visibilidade no cen\u00e1rio educativo nacional.<\/p>\n\n\n\n<p>O Ecocidadania \u00e9 desenvolvido pela SMEEL, em parceria com a Secretaria de Meio Ambiente e Urbanismo de Canela. Tem como objetivo promover a\u00e7\u00f5es que fomentem a educa\u00e7\u00e3o ambiental, desenvolvendo e incentivando pr\u00e1ticas conscientes dos cidad\u00e3os, em considerar o meio ambiente e o ecossistema no qual est\u00e3o inseridos. Na parte ambiental visa despertar a conscientiza\u00e7\u00e3o sobre a separa\u00e7\u00e3o adequada dos res\u00edduos, al\u00e9m de gerar maior sustentabilidade com a reciclagem.<\/p>\n\n\n\n<p>O prefeito Gilberto Cezar comemorou a conquista e destacou a import\u00e2ncia de iniciativas como o Ecocidadania. \u201cEsse reconhecimento nacional mostra que estamos no caminho certo ao investir em educa\u00e7\u00e3o integral e na forma\u00e7\u00e3o de cidad\u00e3os mais conscientes. Este programa \u00e9 um exemplo de como pol\u00edticas p\u00fablicas bem estruturadas podem transformar o futuro das nossas crian\u00e7as e da nossa cidade. Canela est\u00e1 dando sua contribui\u00e7\u00e3o para um mundo mais sustent\u00e1vel\u201d, conclui.<\/p>\n\n\n\n<p><strong>ESTRUTURA E FUNCIONAMENTO<\/strong><\/p>\n\n\n\n<p>Na SMEEL o programa tem a coordena\u00e7\u00e3o do educador ambiental e engenheiro ambiental Cristiano Hickel e da professora Marta Mendes e \u00e9 acompanhado por um comit\u00ea gestor com representa\u00e7\u00f5es de todas as escolas, havendo um aluno e um professor representante por escola. Sendo estruturado em tr\u00eas eixos: curricular, territ\u00f3rios educativos e gest\u00e3o ambiental, com a\u00e7\u00f5es pedag\u00f3gicas desenvolvidas que contemplam os eixos de forma sist\u00eamica.&nbsp;<\/p>\n\n\n\n<p>Dessa forma, se faz presente no cotidiano das escolas da educa\u00e7\u00e3o infantil aos anos finais do fundamental atrav\u00e9s de projetos, atividades extracurriculares, trabalhos de campo, a\u00e7\u00f5es intersetoriais, palestras, forma\u00e7\u00f5es e infer\u00eancias diretas nos territ\u00f3rios que as escolas est\u00e3o inseridas.<\/p>\n\n\n\n<p><\/p>\n","protected":false},"excerpt":{"rendered":"<p>O Programa Ecocidadania&nbsp;da Prefeitura de Canela, realizado nas escolas da rede municipal, foi selecionado pelo Minist\u00e9rio da Educa\u00e7\u00e3o (MEC) para participar da Mostra Nacional Mapa de Experi\u00eancias, que acontecer\u00e1 nos dias 1\u00ba e 2 de outubro em Belo Horizonte, na Universidade Federal de Minas Gerais (UFMG). A sele\u00e7\u00e3o foi realizada pelo Programa Experi\u00eancias Inspiradoras de [&hellip;]<\/p>\n","protected":false},"author":3,"featured_media":9993,"comment_status":"open","ping_status":"open","sticky":false,"template":"","format":"standard","meta":{"footnotes":""},"categories":[45,164],"tags":[],"class_list":["post-9992","post","type-post","status-publish","format-standard","has-post-thumbnail","hentry","category-post_educacao","category-destaque"],"_links":{"self":[{"href":"https:\/\/canela.rs.gov.br\/sitenovo\/wp-json\/wp\/v2\/posts\/9992","targetHints":{"allow":["GET"]}}],"collection":[{"href":"https:\/\/canela.rs.gov.br\/sitenovo\/wp-json\/wp\/v2\/posts"}],"about":[{"href":"https:\/\/canela.rs.gov.br\/sitenovo\/wp-json\/wp\/v2\/types\/post"}],"author":[{"embeddable":true,"href":"https:\/\/canela.rs.gov.br\/sitenovo\/wp-json\/wp\/v2\/users\/3"}],"replies":[{"embeddable":true,"href":"https:\/\/canela.rs.gov.br\/sitenovo\/wp-json\/wp\/v2\/comments?post=9992"}],"version-history":[{"count":1,"href":"https:\/\/canela.rs.gov.br\/sitenovo\/wp-json\/wp\/v2\/posts\/9992\/revisions"}],"predecessor-version":[{"id":9994,"href":"https:\/\/canela.rs.gov.br\/sitenovo\/wp-json\/wp\/v2\/posts\/9992\/revisions\/9994"}],"wp:featuredmedia":[{"embeddable":true,"href":"https:\/\/canela.rs.gov.br\/sitenovo\/wp-json\/wp\/v2\/media\/9993"}],"wp:attachment":[{"href":"https:\/\/canela.rs.gov.br\/sitenovo\/wp-json\/wp\/v2\/media?parent=9992"}],"wp:term":[{"taxonomy":"category","embeddable":true,"href":"https:\/\/canela.rs.gov.br\/sitenovo\/wp-json\/wp\/v2\/categories?post=9992"},{"taxonomy":"post_tag","embeddable":true,"href":"https:\/\/canela.rs.gov.br\/sitenovo\/wp-json\/wp\/v2\/tags?post=9992"}],"curies":[{"name":"wp","href":"https:\/\/api.w.org\/{rel}","templated":true}]}}