{"id":9632,"date":"2025-09-08T11:52:43","date_gmt":"2025-09-08T14:52:43","guid":{"rendered":"https:\/\/canela.rs.gov.br\/sitenovo\/?p=9632"},"modified":"2025-09-08T11:52:45","modified_gmt":"2025-09-08T14:52:45","slug":"7-de-setembro-em-canela-desfile-civico-reune-milhares-de-pessoas","status":"publish","type":"post","link":"https:\/\/canela.rs.gov.br\/sitenovo\/7-de-setembro-em-canela-desfile-civico-reune-milhares-de-pessoas\/","title":{"rendered":"7 de Setembro em Canela: Desfile C\u00edvico re\u00fane milhares de pessoas"},"content":{"rendered":"\n<p>O Desfile de 7 de Setembro reuniu milhares de pessoas no Centro de Canela, na tarde deste domingo, numa demonstra\u00e7\u00e3o de civismo e amor \u00e0 p\u00e1tria. Iniciando o evento foi realizada a cerim\u00f4nia de hasteamento das bandeiras, com a participa\u00e7\u00e3o das autoridades locais. A bandeira do Brasil foi hasteada pelo prefeito Gilberto Cezar, a do Rio Grande do Sul, pelo presidente da C\u00e2mara, vereador Felipe Caputo, e a do munic\u00edpio pelo vice-prefeito, Gilberto Tegner.<\/p>\n\n\n\n<p>Na abertura do Desfile, o prefeito destacou o envolvimento das escolas e das institui\u00e7\u00f5es participantes. \u201cOs protagonistas s\u00e3o os professores e os estudantes, que s\u00e3o o futuro da nossa cidade. Vimos a for\u00e7a da educa\u00e7\u00e3o, do civismo, do respeito \u00e0 P\u00e1tria, vimos a diversidade das nossas escolas e institui\u00e7\u00f5es que, com orgulho das suas bandeiras, trouxeram para o desfile aquilo que cada um faz de melhor para fortalecer nossa cidade e nosso pa\u00eds\u201d, disse.<\/p>\n\n\n\n<p>O Desfile contou com a participa\u00e7\u00e3o de 56 alas entre escolas e institui\u00e7\u00f5es, com destaque para a Banda da Escola Estadual Neusa Mari Pacheco, que participou da abertura e do fechamento do evento. Al\u00e9m das demais bandas de percuss\u00e3o das escolas municipais, com suas balizas que tamb\u00e9m tiveram um grande destaque.<\/p>\n\n\n\n<p>As institui\u00e7\u00f5es tamb\u00e9m tiveram uma not\u00f3ria participa\u00e7\u00e3o, com a frota de carros da Brigada Militar, Corpo de Bombeiros, Samu, Defesa Civil, e entidades sociais como Lions e Rotary Club, escoteiros, entre outros.<\/p>\n\n\n\n<p>Durante o Desfile, autoridades como vereadores, secret\u00e1rios municipais e representantes de entidades, estiveram ao lado do prefeito no palanque oficial, prestigiando a apresenta\u00e7\u00e3o. Ao final do evento, houve o desfile de todas as bandas juntas encerrando o ato c\u00edvico.<\/p>\n\n\n\n<p>Tamb\u00e9m aconteceu a cerim\u00f4nia de passagem do fogo simb\u00f3lico da P\u00e1tria, repassada pelo prefeito Gilberto Cezar ao capataz campeiro do CTG Quer\u00eancia, Germy Oliveira, formando a Chama Crioula, dando in\u00edcio aos festejos da Semana Farroupilha no munic\u00edpio.<\/p>\n\n\n\n<p><\/p>\n","protected":false},"excerpt":{"rendered":"<p>O Desfile de 7 de Setembro reuniu milhares de pessoas no Centro de Canela, na tarde deste domingo, numa demonstra\u00e7\u00e3o de civismo e amor \u00e0 p\u00e1tria. Iniciando o evento foi realizada a cerim\u00f4nia de hasteamento das bandeiras, com a participa\u00e7\u00e3o das autoridades locais. A bandeira do Brasil foi hasteada pelo prefeito Gilberto Cezar, a do [&hellip;]<\/p>\n","protected":false},"author":3,"featured_media":9633,"comment_status":"open","ping_status":"open","sticky":false,"template":"","format":"standard","meta":{"footnotes":""},"categories":[45,164],"tags":[],"class_list":["post-9632","post","type-post","status-publish","format-standard","has-post-thumbnail","hentry","category-post_educacao","category-destaque"],"_links":{"self":[{"href":"https:\/\/canela.rs.gov.br\/sitenovo\/wp-json\/wp\/v2\/posts\/9632","targetHints":{"allow":["GET"]}}],"collection":[{"href":"https:\/\/canela.rs.gov.br\/sitenovo\/wp-json\/wp\/v2\/posts"}],"about":[{"href":"https:\/\/canela.rs.gov.br\/sitenovo\/wp-json\/wp\/v2\/types\/post"}],"author":[{"embeddable":true,"href":"https:\/\/canela.rs.gov.br\/sitenovo\/wp-json\/wp\/v2\/users\/3"}],"replies":[{"embeddable":true,"href":"https:\/\/canela.rs.gov.br\/sitenovo\/wp-json\/wp\/v2\/comments?post=9632"}],"version-history":[{"count":1,"href":"https:\/\/canela.rs.gov.br\/sitenovo\/wp-json\/wp\/v2\/posts\/9632\/revisions"}],"predecessor-version":[{"id":9634,"href":"https:\/\/canela.rs.gov.br\/sitenovo\/wp-json\/wp\/v2\/posts\/9632\/revisions\/9634"}],"wp:featuredmedia":[{"embeddable":true,"href":"https:\/\/canela.rs.gov.br\/sitenovo\/wp-json\/wp\/v2\/media\/9633"}],"wp:attachment":[{"href":"https:\/\/canela.rs.gov.br\/sitenovo\/wp-json\/wp\/v2\/media?parent=9632"}],"wp:term":[{"taxonomy":"category","embeddable":true,"href":"https:\/\/canela.rs.gov.br\/sitenovo\/wp-json\/wp\/v2\/categories?post=9632"},{"taxonomy":"post_tag","embeddable":true,"href":"https:\/\/canela.rs.gov.br\/sitenovo\/wp-json\/wp\/v2\/tags?post=9632"}],"curies":[{"name":"wp","href":"https:\/\/api.w.org\/{rel}","templated":true}]}}