{"id":9537,"date":"2025-09-02T10:11:45","date_gmt":"2025-09-02T13:11:45","guid":{"rendered":"https:\/\/canela.rs.gov.br\/sitenovo\/?p=9537"},"modified":"2025-09-02T10:11:46","modified_gmt":"2025-09-02T13:11:46","slug":"escola-de-educacao-infantil-em-canela-lanca-jornal-eva-em-foco","status":"publish","type":"post","link":"https:\/\/canela.rs.gov.br\/sitenovo\/escola-de-educacao-infantil-em-canela-lanca-jornal-eva-em-foco\/","title":{"rendered":"Escola de Educa\u00e7\u00e3o Infantil em Canela lan\u00e7a jornal \u201cEva em Foco\u201d"},"content":{"rendered":"\n<p>A Escola Municipal de Educa\u00e7\u00e3o Infantil (EMEI) Professora Eva Alzira Batista Nunes Bianchi, localizada no bairro Jardim das Fontes, em Canela, lan\u00e7ou no m\u00eas de agosto o jornal \u201cEva em Foco\u201d.&nbsp;<\/p>\n\n\n\n<p>Conforme a diretora do educand\u00e1rio, Sabrina Daros, o informativo \u00e9 um projeto institucional da escola que tem por finalidade abrir as portas da institui\u00e7\u00e3o de ensino para a comunidade, dando visibilidade aos processos educativos e ao trabalho desenvolvido todos os dias. \u201cExiste toda uma magia e encantamento proporcionada na Educa\u00e7\u00e3o Infantil, durante o aprendizado, queremos que os pais vivenciem estes momentos, por isso criamos nosso jornal\u201d, ressalta.<\/p>\n\n\n\n<p>Na primeira edi\u00e7\u00e3o denominada \u201cConhecendo as pessoas e os espa\u00e7os que acolhem, inspiram e fazem parte do cotidiano das crian\u00e7as\u201d, o jornal apresentou a equipe de profissionais reconhecendo a import\u00e2ncia de cada um na constru\u00e7\u00e3o das aprendizagens e tamb\u00e9m os espa\u00e7os que contribuem no desenvolvimento integral de cada crian\u00e7a da escola.&nbsp;&nbsp;<\/p>\n\n\n\n<p>&nbsp;A EMEI \u00e9 dirigida pela professora Sabrina com o apoio da professora Venesa Rodrigues na coordena\u00e7\u00e3o pedag\u00f3gica, e conta com 25 profissionais entre professoras, monitoras, cozinheiras e servi\u00e7os gerais, al\u00e9m de vigil\u00e2ncia 24 horas. Atualmente atende 102 crian\u00e7as de 0 a 6 anos.<\/p>\n\n\n\n<p>\u201cAcreditamos em uma escola potente, onde a educa\u00e7\u00e3o acontece em conjunto com a comunidade, e esses processos precisam ser vistos\u201d, finaliza a diretora.&nbsp;<\/p>\n\n\n\n<p>Nas pr\u00f3ximas edi\u00e7\u00f5es, que acontecer\u00e3o quinzenalmente, o notici\u00e1rio abordar\u00e1 o cotidiano da educa\u00e7\u00e3o infantil, os projetos desenvolvidos, assuntos relevantes a cada faixa et\u00e1ria, reportagens especiais e entrevistas.<\/p>\n","protected":false},"excerpt":{"rendered":"<p>A Escola Municipal de Educa\u00e7\u00e3o Infantil (EMEI) Professora Eva Alzira Batista Nunes Bianchi, localizada no bairro Jardim das Fontes, em Canela, lan\u00e7ou no m\u00eas de agosto o jornal \u201cEva em Foco\u201d.&nbsp; Conforme a diretora do educand\u00e1rio, Sabrina Daros, o informativo \u00e9 um projeto institucional da escola que tem por finalidade abrir as portas da institui\u00e7\u00e3o [&hellip;]<\/p>\n","protected":false},"author":3,"featured_media":9538,"comment_status":"open","ping_status":"open","sticky":false,"template":"","format":"standard","meta":{"footnotes":""},"categories":[45],"tags":[],"class_list":["post-9537","post","type-post","status-publish","format-standard","has-post-thumbnail","hentry","category-post_educacao"],"_links":{"self":[{"href":"https:\/\/canela.rs.gov.br\/sitenovo\/wp-json\/wp\/v2\/posts\/9537","targetHints":{"allow":["GET"]}}],"collection":[{"href":"https:\/\/canela.rs.gov.br\/sitenovo\/wp-json\/wp\/v2\/posts"}],"about":[{"href":"https:\/\/canela.rs.gov.br\/sitenovo\/wp-json\/wp\/v2\/types\/post"}],"author":[{"embeddable":true,"href":"https:\/\/canela.rs.gov.br\/sitenovo\/wp-json\/wp\/v2\/users\/3"}],"replies":[{"embeddable":true,"href":"https:\/\/canela.rs.gov.br\/sitenovo\/wp-json\/wp\/v2\/comments?post=9537"}],"version-history":[{"count":1,"href":"https:\/\/canela.rs.gov.br\/sitenovo\/wp-json\/wp\/v2\/posts\/9537\/revisions"}],"predecessor-version":[{"id":9539,"href":"https:\/\/canela.rs.gov.br\/sitenovo\/wp-json\/wp\/v2\/posts\/9537\/revisions\/9539"}],"wp:featuredmedia":[{"embeddable":true,"href":"https:\/\/canela.rs.gov.br\/sitenovo\/wp-json\/wp\/v2\/media\/9538"}],"wp:attachment":[{"href":"https:\/\/canela.rs.gov.br\/sitenovo\/wp-json\/wp\/v2\/media?parent=9537"}],"wp:term":[{"taxonomy":"category","embeddable":true,"href":"https:\/\/canela.rs.gov.br\/sitenovo\/wp-json\/wp\/v2\/categories?post=9537"},{"taxonomy":"post_tag","embeddable":true,"href":"https:\/\/canela.rs.gov.br\/sitenovo\/wp-json\/wp\/v2\/tags?post=9537"}],"curies":[{"name":"wp","href":"https:\/\/api.w.org\/{rel}","templated":true}]}}