{"id":9448,"date":"2025-08-25T16:32:35","date_gmt":"2025-08-25T19:32:35","guid":{"rendered":"https:\/\/canela.rs.gov.br\/sitenovo\/?p=9448"},"modified":"2025-08-25T16:32:36","modified_gmt":"2025-08-25T19:32:36","slug":"escola-municipal-severino-travi-promove-feira-de-ciencias-para-turmas-de-oitavo-e-nono-anos","status":"publish","type":"post","link":"https:\/\/canela.rs.gov.br\/sitenovo\/escola-municipal-severino-travi-promove-feira-de-ciencias-para-turmas-de-oitavo-e-nono-anos\/","title":{"rendered":"Escola Municipal Severino Travi promove feira de ci\u00eancias para turmas de oitavo e nono anos"},"content":{"rendered":"\n<p>Na sexta-feira, dia 22, a Escola Municipal Severino Travi promoveu mais uma edi\u00e7\u00e3o da feira de ci\u00eancias, com o objetivo de estimular a busca pelo conhecimento cient\u00edfico nos alunos de oitavo e novo ano do ensino fundamental, al\u00e9m de estimular o interesse pela pesquisa. Os trabalhos apresentados versaram sobre temas diversos, com experimentos.<\/p>\n\n\n\n<p>A apresenta\u00e7\u00e3o dos trabalhos pelos alunos aconteceu no turno da manh\u00e3. Os temas foram definidos conforme a s\u00e9rie, com os estudantes de nono ano ficando mais focados em projetos nas disciplinas de qu\u00edmica e f\u00edsica e os alunos de oitavo ano tendo mais liberdade para transitar entre assuntos relacionados \u00e0 biologia, ci\u00eancias naturais e geografia espacial.<\/p>\n\n\n\n<p><strong>Confira os temas apresentados:<\/strong><\/p>\n\n\n\n<p><strong>Turma de nono ano<\/strong><\/p>\n\n\n\n<p>* Experi\u00eancia do Arco-\u00edris&nbsp;<\/p>\n\n\n\n<p>* Pasta de dente de elefante&nbsp;<\/p>\n\n\n\n<p>* Serpente do Fara\u00f3<\/p>\n\n\n\n<p>* Combust\u00e3o e consumo de oxig\u00eanio&nbsp;<\/p>\n\n\n\n<p>* Areia Movedi\u00e7a<\/p>\n\n\n\n<p>* Vulc\u00e3o&nbsp;<\/p>\n\n\n\n<p>* Eletr\u00f3lise da \u00e1gua&nbsp;<\/p>\n\n\n\n<p>* Elementos em a\u00e7\u00e3o<\/p>\n\n\n\n<p><strong>Turma oitavo ano<\/strong><\/p>\n\n\n\n<p>* Sistema Solar&nbsp;<\/p>\n\n\n\n<p>* Sistema respirat\u00f3rio<\/p>\n\n\n\n<p>* Sistema circulat\u00f3rio&nbsp;<\/p>\n\n\n\n<p>* Energia nuclear<\/p>\n\n\n\n<p>* Psicologia do medo<\/p>\n\n\n\n<p>* Lua<\/p>\n\n\n\n<p>* Sistema reprodutor<\/p>\n\n\n\n<p>* Tartarugas marinhas<\/p>\n\n\n\n<p>* Motor V6<\/p>\n\n\n\n<p><\/p>\n\n\n\n<p><\/p>\n\n\n\n<p><\/p>\n","protected":false},"excerpt":{"rendered":"<p>Na sexta-feira, dia 22, a Escola Municipal Severino Travi promoveu mais uma edi\u00e7\u00e3o da feira de ci\u00eancias, com o objetivo de estimular a busca pelo conhecimento cient\u00edfico nos alunos de oitavo e novo ano do ensino fundamental, al\u00e9m de estimular o interesse pela pesquisa. Os trabalhos apresentados versaram sobre temas diversos, com experimentos. A apresenta\u00e7\u00e3o [&hellip;]<\/p>\n","protected":false},"author":3,"featured_media":9449,"comment_status":"open","ping_status":"open","sticky":false,"template":"","format":"standard","meta":{"footnotes":""},"categories":[45],"tags":[],"class_list":["post-9448","post","type-post","status-publish","format-standard","has-post-thumbnail","hentry","category-post_educacao"],"_links":{"self":[{"href":"https:\/\/canela.rs.gov.br\/sitenovo\/wp-json\/wp\/v2\/posts\/9448","targetHints":{"allow":["GET"]}}],"collection":[{"href":"https:\/\/canela.rs.gov.br\/sitenovo\/wp-json\/wp\/v2\/posts"}],"about":[{"href":"https:\/\/canela.rs.gov.br\/sitenovo\/wp-json\/wp\/v2\/types\/post"}],"author":[{"embeddable":true,"href":"https:\/\/canela.rs.gov.br\/sitenovo\/wp-json\/wp\/v2\/users\/3"}],"replies":[{"embeddable":true,"href":"https:\/\/canela.rs.gov.br\/sitenovo\/wp-json\/wp\/v2\/comments?post=9448"}],"version-history":[{"count":1,"href":"https:\/\/canela.rs.gov.br\/sitenovo\/wp-json\/wp\/v2\/posts\/9448\/revisions"}],"predecessor-version":[{"id":9450,"href":"https:\/\/canela.rs.gov.br\/sitenovo\/wp-json\/wp\/v2\/posts\/9448\/revisions\/9450"}],"wp:featuredmedia":[{"embeddable":true,"href":"https:\/\/canela.rs.gov.br\/sitenovo\/wp-json\/wp\/v2\/media\/9449"}],"wp:attachment":[{"href":"https:\/\/canela.rs.gov.br\/sitenovo\/wp-json\/wp\/v2\/media?parent=9448"}],"wp:term":[{"taxonomy":"category","embeddable":true,"href":"https:\/\/canela.rs.gov.br\/sitenovo\/wp-json\/wp\/v2\/categories?post=9448"},{"taxonomy":"post_tag","embeddable":true,"href":"https:\/\/canela.rs.gov.br\/sitenovo\/wp-json\/wp\/v2\/tags?post=9448"}],"curies":[{"name":"wp","href":"https:\/\/api.w.org\/{rel}","templated":true}]}}