{"id":9345,"date":"2025-08-18T11:51:02","date_gmt":"2025-08-18T14:51:02","guid":{"rendered":"https:\/\/canela.rs.gov.br\/sitenovo\/?p=9345"},"modified":"2025-08-18T11:51:03","modified_gmt":"2025-08-18T14:51:03","slug":"prefeito-gilberto-cezar-nomeia-cesar-prux-secretario-de-obras-de-canela","status":"publish","type":"post","link":"https:\/\/canela.rs.gov.br\/sitenovo\/prefeito-gilberto-cezar-nomeia-cesar-prux-secretario-de-obras-de-canela\/","title":{"rendered":"Prefeito Gilberto Cezar nomeia C\u00e9sar Prux secret\u00e1rio de Obras de Canela"},"content":{"rendered":"\n<p><br>C\u00e9sar Prux da Silva foi nomeado como secret\u00e1rio Municipal de Obras, Servi\u00e7os Urbanos e Agricultura de Canela nesta segunda-feira, dia 18, pelo prefeito Gilberto Cezar. Prux ocupava o cargo de adjunto da pasta e vinha desenvolvendo um trabalho de lideran\u00e7a ativa frente \u00e0 equipe. \u201c\u00c9 um nome que apresentou compet\u00eancia t\u00e9cnica e responsabilidade para assumir os desafios que esta Secretaria t\u00e3o importante tem em nosso governo\u201d, atesta o prefeito.<br>C\u00e9sar Prux afirma que a nomea\u00e7\u00e3o \u00e9 uma grande responsabilidade. \u201cSei da import\u00e2ncia desse trabalho para o desenvolvimento da nossa cidade e para melhorar a vida das pessoas. Com muito empenho, dedica\u00e7\u00e3o e transpar\u00eancia quero contribuir para que cada obra seja sin\u00f4nimo de progresso, cuidado e resultado positivo para a comunidade\u201d, declara.<br>C\u00e9sar \u00e9 graduando em Gest\u00e3o P\u00fablica e possui ampla experi\u00eancia como supervisor.<\/p>\n","protected":false},"excerpt":{"rendered":"<p>C\u00e9sar Prux da Silva foi nomeado como secret\u00e1rio Municipal de Obras, Servi\u00e7os Urbanos e Agricultura de Canela nesta segunda-feira, dia 18, pelo prefeito Gilberto Cezar. Prux ocupava o cargo de adjunto da pasta e vinha desenvolvendo um trabalho de lideran\u00e7a ativa frente \u00e0 equipe. \u201c\u00c9 um nome que apresentou compet\u00eancia t\u00e9cnica e responsabilidade para assumir [&hellip;]<\/p>\n","protected":false},"author":3,"featured_media":9346,"comment_status":"open","ping_status":"open","sticky":false,"template":"","format":"standard","meta":{"footnotes":""},"categories":[53,164],"tags":[],"class_list":["post-9345","post","type-post","status-publish","format-standard","has-post-thumbnail","hentry","category-post_obras","category-destaque"],"_links":{"self":[{"href":"https:\/\/canela.rs.gov.br\/sitenovo\/wp-json\/wp\/v2\/posts\/9345","targetHints":{"allow":["GET"]}}],"collection":[{"href":"https:\/\/canela.rs.gov.br\/sitenovo\/wp-json\/wp\/v2\/posts"}],"about":[{"href":"https:\/\/canela.rs.gov.br\/sitenovo\/wp-json\/wp\/v2\/types\/post"}],"author":[{"embeddable":true,"href":"https:\/\/canela.rs.gov.br\/sitenovo\/wp-json\/wp\/v2\/users\/3"}],"replies":[{"embeddable":true,"href":"https:\/\/canela.rs.gov.br\/sitenovo\/wp-json\/wp\/v2\/comments?post=9345"}],"version-history":[{"count":1,"href":"https:\/\/canela.rs.gov.br\/sitenovo\/wp-json\/wp\/v2\/posts\/9345\/revisions"}],"predecessor-version":[{"id":9347,"href":"https:\/\/canela.rs.gov.br\/sitenovo\/wp-json\/wp\/v2\/posts\/9345\/revisions\/9347"}],"wp:featuredmedia":[{"embeddable":true,"href":"https:\/\/canela.rs.gov.br\/sitenovo\/wp-json\/wp\/v2\/media\/9346"}],"wp:attachment":[{"href":"https:\/\/canela.rs.gov.br\/sitenovo\/wp-json\/wp\/v2\/media?parent=9345"}],"wp:term":[{"taxonomy":"category","embeddable":true,"href":"https:\/\/canela.rs.gov.br\/sitenovo\/wp-json\/wp\/v2\/categories?post=9345"},{"taxonomy":"post_tag","embeddable":true,"href":"https:\/\/canela.rs.gov.br\/sitenovo\/wp-json\/wp\/v2\/tags?post=9345"}],"curies":[{"name":"wp","href":"https:\/\/api.w.org\/{rel}","templated":true}]}}