{"id":9175,"date":"2025-08-11T16:24:59","date_gmt":"2025-08-11T19:24:59","guid":{"rendered":"https:\/\/canela.rs.gov.br\/sitenovo\/?p=9175"},"modified":"2025-08-11T16:25:00","modified_gmt":"2025-08-11T19:25:00","slug":"prefeitura-de-canela-promove-formacao-para-gestores-escolares-nesta-terca-feira","status":"publish","type":"post","link":"https:\/\/canela.rs.gov.br\/sitenovo\/prefeitura-de-canela-promove-formacao-para-gestores-escolares-nesta-terca-feira\/","title":{"rendered":"Prefeitura de Canela promove forma\u00e7\u00e3o para gestores escolares nesta ter\u00e7a-feira"},"content":{"rendered":"\n<p><strong><br><\/strong>A Prefeitura de Canela, por meio da Secretaria de Educa\u00e7\u00e3o, Esporte e Lazer, promover\u00e1 nesta ter\u00e7a-feira, dia 12, uma forma\u00e7\u00e3o para os gestores escolares da rede municipal, com palestra da doutoranda em Educa\u00e7\u00e3o pela Unisinos e professora da rede municipal de ensino de S\u00e3o Leopoldo, Fabiane Bitello. O tema ser\u00e1 \u201cGest\u00e3o escolar e legisla\u00e7\u00e3o: desafios e responsabilidades para a garantia da qualidade educacional em Canela\u201d. A atividade acontecer\u00e1 no Espa\u00e7o Sicredi da Avenida Jo\u00e3o Pessoa, com in\u00edcio \u00e0s 18h30.<br>A secret\u00e1ria de Educa\u00e7\u00e3o de Canela, professora Maria Gorete Rodrigues da Silva, destaca que o Munic\u00edpio tem buscado oferecer oportunidades de qualifica\u00e7\u00e3o para os educadores, equipes diretivas e gestores das escolas, pois a administra\u00e7\u00e3o atual entende a import\u00e2ncia de capacit\u00e1-los para oferecer uma educa\u00e7\u00e3o mais qualificada. \u201cA gest\u00e3o educacional \u00e9 a arte e a ci\u00eancia de transformar vidas no contexto escolar\u201d, cita a titular da Educa\u00e7\u00e3o.<br>A palestrante, Fabiane Bitello, afirma que a qualidade da educa\u00e7\u00e3o come\u00e7a na gest\u00e3o e que a apresenta\u00e7\u00e3o que ser\u00e1 trazida a Canela foi preparada pensando nos gestores escolares atuais e futuros que buscam clareza e solu\u00e7\u00f5es pr\u00e1ticas para a rotina das escolas. \u201cVamos desmistificar a rela\u00e7\u00e3o entre gest\u00e3o escolar e legisla\u00e7\u00e3o, discutindo as responsabilidades e os desafios di\u00e1rios\u201d, informa. A educadora tamb\u00e9m \u00e9 vice-presidente do Conselho Municipal de Educa\u00e7\u00e3o de S\u00e3o Leopoldo, diretora estadual de Forma\u00e7\u00e3o da Uncme-RS, vice-coordenadora da Uncme-DF e vice-presidente executiva da Uncme.<\/p>\n\n\n\n<p><\/p>\n","protected":false},"excerpt":{"rendered":"<p>A Prefeitura de Canela, por meio da Secretaria de Educa\u00e7\u00e3o, Esporte e Lazer, promover\u00e1 nesta ter\u00e7a-feira, dia 12, uma forma\u00e7\u00e3o para os gestores escolares da rede municipal, com palestra da doutoranda em Educa\u00e7\u00e3o pela Unisinos e professora da rede municipal de ensino de S\u00e3o Leopoldo, Fabiane Bitello. O tema ser\u00e1 \u201cGest\u00e3o escolar e legisla\u00e7\u00e3o: desafios [&hellip;]<\/p>\n","protected":false},"author":3,"featured_media":9176,"comment_status":"open","ping_status":"open","sticky":false,"template":"","format":"standard","meta":{"footnotes":""},"categories":[45],"tags":[],"class_list":["post-9175","post","type-post","status-publish","format-standard","has-post-thumbnail","hentry","category-post_educacao"],"_links":{"self":[{"href":"https:\/\/canela.rs.gov.br\/sitenovo\/wp-json\/wp\/v2\/posts\/9175","targetHints":{"allow":["GET"]}}],"collection":[{"href":"https:\/\/canela.rs.gov.br\/sitenovo\/wp-json\/wp\/v2\/posts"}],"about":[{"href":"https:\/\/canela.rs.gov.br\/sitenovo\/wp-json\/wp\/v2\/types\/post"}],"author":[{"embeddable":true,"href":"https:\/\/canela.rs.gov.br\/sitenovo\/wp-json\/wp\/v2\/users\/3"}],"replies":[{"embeddable":true,"href":"https:\/\/canela.rs.gov.br\/sitenovo\/wp-json\/wp\/v2\/comments?post=9175"}],"version-history":[{"count":2,"href":"https:\/\/canela.rs.gov.br\/sitenovo\/wp-json\/wp\/v2\/posts\/9175\/revisions"}],"predecessor-version":[{"id":9178,"href":"https:\/\/canela.rs.gov.br\/sitenovo\/wp-json\/wp\/v2\/posts\/9175\/revisions\/9178"}],"wp:featuredmedia":[{"embeddable":true,"href":"https:\/\/canela.rs.gov.br\/sitenovo\/wp-json\/wp\/v2\/media\/9176"}],"wp:attachment":[{"href":"https:\/\/canela.rs.gov.br\/sitenovo\/wp-json\/wp\/v2\/media?parent=9175"}],"wp:term":[{"taxonomy":"category","embeddable":true,"href":"https:\/\/canela.rs.gov.br\/sitenovo\/wp-json\/wp\/v2\/categories?post=9175"},{"taxonomy":"post_tag","embeddable":true,"href":"https:\/\/canela.rs.gov.br\/sitenovo\/wp-json\/wp\/v2\/tags?post=9175"}],"curies":[{"name":"wp","href":"https:\/\/api.w.org\/{rel}","templated":true}]}}