{"id":8161,"date":"2025-07-29T16:31:42","date_gmt":"2025-07-29T19:31:42","guid":{"rendered":"https:\/\/canela.rs.gov.br\/sitenovo\/?p=8161"},"modified":"2025-07-30T10:25:05","modified_gmt":"2025-07-30T13:25:05","slug":"educacao-infantil-cnec-comeca-atender-bebes-pelo-convenio-com-a-prefeitura-de-canela","status":"publish","type":"post","link":"https:\/\/canela.rs.gov.br\/sitenovo\/educacao-infantil-cnec-comeca-atender-bebes-pelo-convenio-com-a-prefeitura-de-canela\/","title":{"rendered":"Educa\u00e7\u00e3o Infantil: CNEC come\u00e7a atender beb\u00eas pelo conv\u00eanio com a Prefeitura de Canela"},"content":{"rendered":"\n<p><br>Os primeiros 56 alunos de ber\u00e7\u00e1rio e maternal matriculados no CNEC Canela, por meio do conv\u00eanio com a Prefeitura Municipal, iniciaram a adapta\u00e7\u00e3o nesta ter\u00e7a-feira, dia 29. Os beb\u00eas est\u00e3o distribu\u00eddos em duas turmas de ber\u00e7\u00e1rio 1 e uma turma de ber\u00e7\u00e1rio 2 e, neste primeiro dia, permanecem apenas uma hora na escola, aumentando o tempo gradativamente ao longo desta e da pr\u00f3xima semana, conforme acordado entre a institui\u00e7\u00e3o e a Secretaria de Educa\u00e7\u00e3o, Esporte e Lazer. Na pr\u00f3xima semana, mais crian\u00e7as devem come\u00e7ar a frequentar o educand\u00e1rio.<br>De acordo com a diretora do CNEC Canela, Camila Port, a institui\u00e7\u00e3o est\u00e1 concluindo o processo de contrata\u00e7\u00e3o de todos os profissionais que atender\u00e3o os pequenos, como merendeiras, manipuladora de lact\u00e1rio, porteiro, secret\u00e1ria, monitoras volantes, auxiliares e professoras de educa\u00e7\u00e3o infantil.<br>Quando a escola tiver preenchido todas as 150 vagas oferecidas para a rede municipal, a fila de espera para ber\u00e7\u00e1rio e maternal em Canela ter\u00e1 uma redu\u00e7\u00e3o significativa. \u201cEm sete meses de governo conseguimos zerar a demanda para pr\u00e9-escola e j\u00e1 diminu\u00edmos a necessidade para as crian\u00e7as menores de 3 anos. Mas, agora, com mais esse movimento atrav\u00e9s do conv\u00eanio com o CNEC, esperamos ver essa fila cair mais. O objetivo \u00e9 n\u00e3o ter mais fam\u00edlias esperando por vagas para suas crian\u00e7as nas escolas. Estamos trabalhando para isso\u201d, garante o prefeito Gilberto Cezar.<br>Nesta ter\u00e7a-feira as crian\u00e7as e fam\u00edlias foram recepcionadas na escola, localizada na rua Melvin Jones, no Centro de Canela, com espa\u00e7os decorados com bal\u00f5es e salas de aula coloridas e atrativas. A equipe pedag\u00f3gica recebeu todos para realizar atividades de socializa\u00e7\u00e3o e conex\u00e3o com o ambiente escolar.<br><strong><br>Organiza\u00e7\u00e3o<\/strong><\/p>\n\n\n\n<p>Pelo conv\u00eanio com a Prefeitura de Canela, o CNEC atender\u00e1 150 alunos de ber\u00e7\u00e1rio e maternal, que ser\u00e3o distribu\u00eddos da seguinte forma: cinco turmas de ber\u00e7\u00e1rio 1 com 18 alunos, para beb\u00eas de zero meses at\u00e9 1 ano; duas turmas de ber\u00e7\u00e1rio 2 com 20 alunos, para beb\u00ea de 1 at\u00e9 2 anos; e uma turma de maternal 1 com 20 alunos, para crian\u00e7as de 2 a 3 anos.<br>Essa distribui\u00e7\u00e3o respeita o protocolo de abertura da Vigil\u00e2ncia Sanit\u00e1ria e os novos par\u00e2metros nacionais para a qualidade da educa\u00e7\u00e3o infantil, com frald\u00e1rio, lact\u00e1rio, cozinha, refeit\u00f3rio, salas individuais, brinquedoteca, sala de atividades, etc.<\/p>\n","protected":false},"excerpt":{"rendered":"<p>Os primeiros 56 alunos de ber\u00e7\u00e1rio e maternal matriculados no CNEC Canela, por meio do conv\u00eanio com a Prefeitura Municipal, iniciaram a adapta\u00e7\u00e3o nesta ter\u00e7a-feira, dia 29. Os beb\u00eas est\u00e3o distribu\u00eddos em duas turmas de ber\u00e7\u00e1rio 1 e uma turma de ber\u00e7\u00e1rio 2 e, neste primeiro dia, permanecem apenas uma hora na escola, aumentando o [&hellip;]<\/p>\n","protected":false},"author":3,"featured_media":8162,"comment_status":"open","ping_status":"open","sticky":false,"template":"","format":"standard","meta":{"footnotes":""},"categories":[45,164],"tags":[],"class_list":["post-8161","post","type-post","status-publish","format-standard","has-post-thumbnail","hentry","category-post_educacao","category-destaque"],"_links":{"self":[{"href":"https:\/\/canela.rs.gov.br\/sitenovo\/wp-json\/wp\/v2\/posts\/8161","targetHints":{"allow":["GET"]}}],"collection":[{"href":"https:\/\/canela.rs.gov.br\/sitenovo\/wp-json\/wp\/v2\/posts"}],"about":[{"href":"https:\/\/canela.rs.gov.br\/sitenovo\/wp-json\/wp\/v2\/types\/post"}],"author":[{"embeddable":true,"href":"https:\/\/canela.rs.gov.br\/sitenovo\/wp-json\/wp\/v2\/users\/3"}],"replies":[{"embeddable":true,"href":"https:\/\/canela.rs.gov.br\/sitenovo\/wp-json\/wp\/v2\/comments?post=8161"}],"version-history":[{"count":1,"href":"https:\/\/canela.rs.gov.br\/sitenovo\/wp-json\/wp\/v2\/posts\/8161\/revisions"}],"predecessor-version":[{"id":8163,"href":"https:\/\/canela.rs.gov.br\/sitenovo\/wp-json\/wp\/v2\/posts\/8161\/revisions\/8163"}],"wp:featuredmedia":[{"embeddable":true,"href":"https:\/\/canela.rs.gov.br\/sitenovo\/wp-json\/wp\/v2\/media\/8162"}],"wp:attachment":[{"href":"https:\/\/canela.rs.gov.br\/sitenovo\/wp-json\/wp\/v2\/media?parent=8161"}],"wp:term":[{"taxonomy":"category","embeddable":true,"href":"https:\/\/canela.rs.gov.br\/sitenovo\/wp-json\/wp\/v2\/categories?post=8161"},{"taxonomy":"post_tag","embeddable":true,"href":"https:\/\/canela.rs.gov.br\/sitenovo\/wp-json\/wp\/v2\/tags?post=8161"}],"curies":[{"name":"wp","href":"https:\/\/api.w.org\/{rel}","templated":true}]}}