{"id":8122,"date":"2025-07-25T15:28:21","date_gmt":"2025-07-25T18:28:21","guid":{"rendered":"https:\/\/canela.rs.gov.br\/sitenovo\/?p=8122"},"modified":"2025-07-25T15:28:22","modified_gmt":"2025-07-25T18:28:22","slug":"cinquenta-profissionais-da-educacao-de-canela-participam-do-conet-sul-gramado-2025","status":"publish","type":"post","link":"https:\/\/canela.rs.gov.br\/sitenovo\/cinquenta-profissionais-da-educacao-de-canela-participam-do-conet-sul-gramado-2025\/","title":{"rendered":"Cinquenta profissionais da Educa\u00e7\u00e3o de Canela participam do Conet Sul Gramado 2025"},"content":{"rendered":"\n<p><br>Encerrou nesta sexta-feira, 25, o Congresso Educa\u00e7\u00e3o para Transforma\u00e7\u00e3o &#8211; Conet Sul Gramado, do qual o Munic\u00edpio de Canela participou com 50 servidores da Secretaria Municipal de Educa\u00e7\u00e3o, Esporte e Lazer. O evento aconteceu no Expogramado e envolveu os participantes em palestras, cursos e visitas aos estandes dos expositores.<br>A secret\u00e1ria de Educa\u00e7\u00e3o de Canela, professora Maria Gorete Rodrigues da Silva, ressalta que o Munic\u00edpio investiu para que esses 50 educadores tivessem a oportunidade de estarem atualizados sobre os principais assuntos vivenciados na rotina das escolas e tivessem ferramentas para atuar nas mais diversas situa\u00e7\u00f5es. \u201cBuscamos oportunizar esse momento de conex\u00e3o, de troca e de aprendizagem entre os educadores\u201d, refor\u00e7ou.<br>Entre os temas abordados no congresso estiveram a intelig\u00eancia artificial e o uso de ferramentas digitais para aprendizagem; redu\u00e7\u00e3o das desigualdades educacionais; cyberbullying e outras viol\u00eancias no meio escolar; e a cria\u00e7\u00e3o de pol\u00edticas p\u00fablicas humanizadas.<br>O Conet Sul Gramado come\u00e7ou na quarta-feira, dia 23, e se prop\u00f4s a discutir os desafios da educa\u00e7\u00e3o na era digital, al\u00e9m de oferecer um espa\u00e7o para estudos, troca de experi\u00eancias e forma\u00e7\u00e3o de conex\u00f5es entre educadores de todo o pa\u00eds. Cinquenta profissionais da \u00e1rea participaram do evento.<\/p>\n\n\n\n<p>Foto: Divulga\u00e7\u00e3o<\/p>\n","protected":false},"excerpt":{"rendered":"<p>Encerrou nesta sexta-feira, 25, o Congresso Educa\u00e7\u00e3o para Transforma\u00e7\u00e3o &#8211; Conet Sul Gramado, do qual o Munic\u00edpio de Canela participou com 50 servidores da Secretaria Municipal de Educa\u00e7\u00e3o, Esporte e Lazer. O evento aconteceu no Expogramado e envolveu os participantes em palestras, cursos e visitas aos estandes dos expositores.A secret\u00e1ria de Educa\u00e7\u00e3o de Canela, professora [&hellip;]<\/p>\n","protected":false},"author":3,"featured_media":8123,"comment_status":"open","ping_status":"open","sticky":false,"template":"","format":"standard","meta":{"footnotes":""},"categories":[45],"tags":[],"class_list":["post-8122","post","type-post","status-publish","format-standard","has-post-thumbnail","hentry","category-post_educacao"],"_links":{"self":[{"href":"https:\/\/canela.rs.gov.br\/sitenovo\/wp-json\/wp\/v2\/posts\/8122","targetHints":{"allow":["GET"]}}],"collection":[{"href":"https:\/\/canela.rs.gov.br\/sitenovo\/wp-json\/wp\/v2\/posts"}],"about":[{"href":"https:\/\/canela.rs.gov.br\/sitenovo\/wp-json\/wp\/v2\/types\/post"}],"author":[{"embeddable":true,"href":"https:\/\/canela.rs.gov.br\/sitenovo\/wp-json\/wp\/v2\/users\/3"}],"replies":[{"embeddable":true,"href":"https:\/\/canela.rs.gov.br\/sitenovo\/wp-json\/wp\/v2\/comments?post=8122"}],"version-history":[{"count":1,"href":"https:\/\/canela.rs.gov.br\/sitenovo\/wp-json\/wp\/v2\/posts\/8122\/revisions"}],"predecessor-version":[{"id":8124,"href":"https:\/\/canela.rs.gov.br\/sitenovo\/wp-json\/wp\/v2\/posts\/8122\/revisions\/8124"}],"wp:featuredmedia":[{"embeddable":true,"href":"https:\/\/canela.rs.gov.br\/sitenovo\/wp-json\/wp\/v2\/media\/8123"}],"wp:attachment":[{"href":"https:\/\/canela.rs.gov.br\/sitenovo\/wp-json\/wp\/v2\/media?parent=8122"}],"wp:term":[{"taxonomy":"category","embeddable":true,"href":"https:\/\/canela.rs.gov.br\/sitenovo\/wp-json\/wp\/v2\/categories?post=8122"},{"taxonomy":"post_tag","embeddable":true,"href":"https:\/\/canela.rs.gov.br\/sitenovo\/wp-json\/wp\/v2\/tags?post=8122"}],"curies":[{"name":"wp","href":"https:\/\/api.w.org\/{rel}","templated":true}]}}