{"id":8102,"date":"2025-07-25T08:10:49","date_gmt":"2025-07-25T11:10:49","guid":{"rendered":"https:\/\/canela.rs.gov.br\/sitenovo\/?p=8102"},"modified":"2025-07-25T08:11:10","modified_gmt":"2025-07-25T11:11:10","slug":"prefeito-de-canela-anuncia-convenio-para-abertura-de-150-vagas-para-bercario-e-maternal","status":"publish","type":"post","link":"https:\/\/canela.rs.gov.br\/sitenovo\/prefeito-de-canela-anuncia-convenio-para-abertura-de-150-vagas-para-bercario-e-maternal\/","title":{"rendered":"Prefeito de Canela anuncia conv\u00eanio para abertura de 150 vagas para ber\u00e7\u00e1rio e maternal"},"content":{"rendered":"\n<p><strong><br><\/strong>A Prefeitura de Canela firmou um conv\u00eanio com a CNEC Canela para possibilitar a redu\u00e7\u00e3o da fila de espera por vagas em escolas para as crian\u00e7as menores de 3 anos. Atrav\u00e9s do documento assinado nesta quarta-feira, 23, pelo prefeito Gilberto Cezar e a institui\u00e7\u00e3o, ser\u00e3o oferecidas 150 vagas de ber\u00e7\u00e1rio e maternal no pr\u00e9dio da CNEC, localizado no Centro do munic\u00edpio. Com isso, a demanda da educa\u00e7\u00e3o infantil deve ser ainda mais reduzida.<br>O chefe do Executivo canelense comemora o conv\u00eanio e afirma: \u201cessa \u00e9 mais uma confirma\u00e7\u00e3o de que a educa\u00e7\u00e3o \u00e9 prioridade da administra\u00e7\u00e3o municipal\u201d. Ele explica que o pr\u00e9dio foi todo reformado e que a Prefeitura est\u00e1 diminuindo ainda mais a espera por vagas das crian\u00e7as de 0 a 4 anos. \u201cAinda falta um pouco, mas n\u00f3s pretendemos avan\u00e7ar cada vez mais. S\u00e3o sete meses de governo reformando escolas, abrindo vagas e contratando professores e monitores, abrindo credenciamentos e fazendo conv\u00eanios com as escolas\u201d, pontua.<br>A Secretaria de Educa\u00e7\u00e3o, Esporte e Lazer de Canela j\u00e1 est\u00e1 entrando em contato com as fam\u00edlias dos inscritos na lista de espera para verificar o interesse em oficializar a matr\u00edcula na unidade da nova escola conveniada \u00e0 Prefeitura. \u201cS\u00e3o oferecidas 150 vagas para ber\u00e7\u00e1rio 1 e 2 e maternal 1, e as crian\u00e7as est\u00e3o sendo chamadas em tr\u00eas etapas, em fun\u00e7\u00e3o da escola estar iniciando esse atendimento agora. Vamos come\u00e7ar com 50 crian\u00e7as e, posteriormente, vamos chamar mais alunos\u201d, explica Andrisa Caberlon, coordenadora da Educa\u00e7\u00e3o Infantil do Munic\u00edpio.<br>De acordo com a diretora do CNEC Canela, Camila Port, a institui\u00e7\u00e3o est\u00e1 em processo de contrata\u00e7\u00e3o dos professores e auxiliares que atender\u00e3o as crian\u00e7as atrav\u00e9s do conv\u00eanio, assim como est\u00e3o finalizando a organiza\u00e7\u00e3o das salas de aula, com aquisi\u00e7\u00e3o de materiais e mobili\u00e1rios. A previs\u00e3o \u00e9 de que at\u00e9 a primeira semana de agosto j\u00e1 iniciem a adapta\u00e7\u00e3o com os primeiros alunos matriculados.<br>A CNEC \u00e9 uma rede de ensino com mais de 80 anos de funda\u00e7\u00e3o e unidades espalhadas em 18 estados brasileiros. Na Regi\u00e3o das Hort\u00eansias, a institui\u00e7\u00e3o est\u00e1 presente em Canela, Gramado e Nova Petr\u00f3polis, com escolas de educa\u00e7\u00e3o b\u00e1sica. Agora, tamb\u00e9m ir\u00e1 atender educa\u00e7\u00e3o infantil em Canela.<\/p>\n\n\n\n<p> <\/p>\n","protected":false},"excerpt":{"rendered":"<p>A Prefeitura de Canela firmou um conv\u00eanio com a CNEC Canela para possibilitar a redu\u00e7\u00e3o da fila de espera por vagas em escolas para as crian\u00e7as menores de 3 anos. Atrav\u00e9s do documento assinado nesta quarta-feira, 23, pelo prefeito Gilberto Cezar e a institui\u00e7\u00e3o, ser\u00e3o oferecidas 150 vagas de ber\u00e7\u00e1rio e maternal no pr\u00e9dio da [&hellip;]<\/p>\n","protected":false},"author":3,"featured_media":8103,"comment_status":"open","ping_status":"open","sticky":false,"template":"","format":"standard","meta":{"footnotes":""},"categories":[164,45],"tags":[],"class_list":["post-8102","post","type-post","status-publish","format-standard","has-post-thumbnail","hentry","category-destaque","category-post_educacao"],"_links":{"self":[{"href":"https:\/\/canela.rs.gov.br\/sitenovo\/wp-json\/wp\/v2\/posts\/8102","targetHints":{"allow":["GET"]}}],"collection":[{"href":"https:\/\/canela.rs.gov.br\/sitenovo\/wp-json\/wp\/v2\/posts"}],"about":[{"href":"https:\/\/canela.rs.gov.br\/sitenovo\/wp-json\/wp\/v2\/types\/post"}],"author":[{"embeddable":true,"href":"https:\/\/canela.rs.gov.br\/sitenovo\/wp-json\/wp\/v2\/users\/3"}],"replies":[{"embeddable":true,"href":"https:\/\/canela.rs.gov.br\/sitenovo\/wp-json\/wp\/v2\/comments?post=8102"}],"version-history":[{"count":1,"href":"https:\/\/canela.rs.gov.br\/sitenovo\/wp-json\/wp\/v2\/posts\/8102\/revisions"}],"predecessor-version":[{"id":8104,"href":"https:\/\/canela.rs.gov.br\/sitenovo\/wp-json\/wp\/v2\/posts\/8102\/revisions\/8104"}],"wp:featuredmedia":[{"embeddable":true,"href":"https:\/\/canela.rs.gov.br\/sitenovo\/wp-json\/wp\/v2\/media\/8103"}],"wp:attachment":[{"href":"https:\/\/canela.rs.gov.br\/sitenovo\/wp-json\/wp\/v2\/media?parent=8102"}],"wp:term":[{"taxonomy":"category","embeddable":true,"href":"https:\/\/canela.rs.gov.br\/sitenovo\/wp-json\/wp\/v2\/categories?post=8102"},{"taxonomy":"post_tag","embeddable":true,"href":"https:\/\/canela.rs.gov.br\/sitenovo\/wp-json\/wp\/v2\/tags?post=8102"}],"curies":[{"name":"wp","href":"https:\/\/api.w.org\/{rel}","templated":true}]}}