{"id":8073,"date":"2025-07-23T11:25:23","date_gmt":"2025-07-23T14:25:23","guid":{"rendered":"https:\/\/canela.rs.gov.br\/sitenovo\/?p=8073"},"modified":"2025-07-23T11:25:24","modified_gmt":"2025-07-23T14:25:24","slug":"nova-chance-canela-oferece-oportunidade-para-quem-quer-completar-ensino-fundamental-e-medio","status":"publish","type":"post","link":"https:\/\/canela.rs.gov.br\/sitenovo\/nova-chance-canela-oferece-oportunidade-para-quem-quer-completar-ensino-fundamental-e-medio\/","title":{"rendered":"Nova chance: Canela oferece oportunidade para quem quer completar ensino fundamental e m\u00e9dio"},"content":{"rendered":"\n<p>Sala de aula, livros did\u00e1ticos, quadro de giz, classes e cadeiras, equa\u00e7\u00f5es matem\u00e1ticas, separa\u00e7\u00e3o de s\u00edlabas, trabalhos em grupo. Esse emaranhado de palavras que normalmente envolvem a rotina das crian\u00e7as e adolescentes que frequentam os bancos escolares, tamb\u00e9m \u00e9 a realidade de adultos que voltaram a estudar para obter o certificado de conclus\u00e3o do ensino fundamental e m\u00e9dio. Em Canela, neste ano, 102 pessoas frequentam as aulas da Educa\u00e7\u00e3o de Jovens e Adultos (EJA), mas a Prefeitura Municipal busca ampliar esse contingente e que mais cidad\u00e3os possam concluir os estudos.<br>Na cidade, duas escolas oferecem a forma\u00e7\u00e3o: na Escola Municipal Santa Terezinha, os estudantes a partir de 15 anos, e que est\u00e3o em defasagem ano\/s\u00e9rie, podem retornar para terminar o ensino fundamental; para aqueles que precisam fazer o ensino m\u00e9dio, e tem a partir de 18 anos, a refer\u00eancia \u00e9 a Escola Estadual Danton Corr\u00eaa da Silva. Em ambas, os anos letivos se transformam em semestres, possibilitando a conclus\u00e3o em menos tempo.<br>A Prefeitura de Canela tem trabalhado para aumentar o n\u00famero de alunos na EJA e diminuir o n\u00famero de pessoas sem concluir o n\u00edvel b\u00e1sico de estudo. O prefeito Gilberto Cezar refor\u00e7a que se trata de uma obriga\u00e7\u00e3o do Poder P\u00fablico oferecer \u00e0s pessoas a oportunidade de se alfabetizarem e conclu\u00edrem o ensino fundamental e m\u00e9dio, pois isso possibilita que procurem melhores vagas de emprego e, consequentemente, remunera\u00e7\u00f5es mais atrativas. \u201cIsso abre portas para melhores vagas e qualifica\u00e7\u00e3o profissional, algo particularmente positivo para nossa cidade, j\u00e1 que a economia \u00e9 baseada em turismo, servi\u00e7os e com\u00e9rcio\u201d, aponta o chefe do Executivo.<br>O benef\u00edcio de retornar a estudar vai al\u00e9m do car\u00e1ter social, pois muitos estudantes s\u00e3o adultos que enfrentaram barreiras quando eram crian\u00e7as ou adolescentes, pelos mais diferentes fatores, ent\u00e3o \u201ca EJA promove justi\u00e7a educacional, reduz lacunas e ajuda a ressignificar trajet\u00f3rias de vida e autoestima\u201d, destaca a secret\u00e1ria de Educa\u00e7\u00e3o, Esporte e Lazer, professora Maria Gorete Rodrigues da Silva.<br>Outro ponto importante na retomada dos estudos pelos adultos \u00e9 a presen\u00e7a da fam\u00edlia no meio escolar. Quando retornam para a sala de aula e come\u00e7am a participar dos projetos e das atividades propostas, quanto mais a fam\u00edlia est\u00e1 envolvida, melhor o resultado e mais firmes esses estudantes seguem na realiza\u00e7\u00e3o do sonho de se formarem. E isso tamb\u00e9m se refor\u00e7a na troca de informa\u00e7\u00f5es entre as gera\u00e7\u00f5es, dos discentes para os docentes e vice-versa. \u201cOs professores que atuam com turmas do EJA precisam ter um olhar diferenciado e amoroso, e esse olhar j\u00e1 permitiu a realiza\u00e7\u00e3o de v\u00e1rios projetos relevantes para o desenvolvimento de todos. O benef\u00edcio n\u00e3o \u00e9 apenas individual, \u00e9 coletivo, pois fam\u00edlias conectadas com o ambiente escolar tendem a ser mais engajadas nos processos educacionais dos jovens\u201d, destaca a coordenadora de Ensino Fundamental da Secretaria de Educa\u00e7\u00e3o, Elisiane Livi.<\/p>\n\n\n\n<p><strong>Um arrai\u00e1 na escola<\/strong><\/p>\n\n\n\n<p>Na Escola Santa Terezinha, no in\u00edcio de julho, os alunos que cursam o ensino fundamental pelo EJA, \u00e0 noite, tiveram a oportunidade de participar da 1\u00aa Mostra de Arte, Cultura e Gastronomia, com o tema \u201cfesta junina\u201d, em que dan\u00e7aram quadrilha, declamaram poesia, preparam quitutes juninos e tiveram a participa\u00e7\u00e3o dos familiares.<br>O projeto foi nomeado \u201cArrai\u00e1EJA\u201d e foi muito al\u00e9m da simplicidade de uma comemora\u00e7\u00e3o junina, pois envolveu os estudantes adultos na prepara\u00e7\u00e3o de tudo. Eles fizeram a decora\u00e7\u00e3o com a confec\u00e7\u00e3o de sacolas em tecido e estandartes dos santos juninos nas aulas de alfabetiza\u00e7\u00e3o; bandeirinhas com os temas estudados nas aulas de artes; levaram as comidas t\u00edpicas (bolo de milho e de bergamota, pa\u00e7oca de pinh\u00e3o, arroz com leite e outros); preparam a poesia \u201cFome de educa\u00e7\u00e3o\u201d de Br\u00e1ulio Bessa nas aulas aulas de portugu\u00eas e declamaram; e tamb\u00e9m dan\u00e7aram junto com os professores uma quadrilha.<\/p>\n\n\n\n<p>Os professores M\u00e1rcia Borowski e Marcelo Carasai &#8211; que lideraram o projeto &#8211; e Sandra Moraes, afirmam que a iniciativa \u00e9 uma maneira de mostrar para a comunidade canelense que esses adultos tamb\u00e9m podem e merecem a oportunidade de vivenciar tudo que n\u00e3o puderam enquanto eram crian\u00e7as e jovens. \u201cA EJA existe e muitas vezes n\u00e3o tem um olhar da sociedade para essa parcela de pessoas que n\u00e3o puderam um dia estudar, talvez at\u00e9 para nos sustentar. Ent\u00e3o, a EJA \u00e9 o resgate dessa dignidade, e n\u00f3s temos a obriga\u00e7\u00e3o de atender essa popula\u00e7\u00e3o, e eles tamb\u00e9m gostam de ter a viv\u00eancia que os alunos do dia tem\u201d, destaca a professora M\u00e1rcia.<\/p>\n\n\n\n<p><strong>COMO VOLTAR A ESTUDAR<\/strong><\/p>\n\n\n\n<p>Quem tiver interesse em retornar \u00e0 escola para concluir o que falta do ensino b\u00e1sico, deve fazer o seguinte:<\/p>\n\n\n\n<p><em>Ensino fundamental<\/em>: \u00e9 oferecido na Escola Santa Terezinha, na rua Borges de Medeiros, 1530, bairro Santa Terezinha. O interessado deve procurar diretamente a secretaria da escola para efetuar a matr\u00edcula, portando os seguintes documentos: foto 3&#215;4, identidade ou certid\u00e3o de nascimento, hist\u00f3rico escolar (para comprovar o que falta concluir), comprovante de resid\u00eancia e cart\u00e3o SUS. Caso seja menor de 18 anos, tamb\u00e9m \u00e9 preciso levar o documento do respons\u00e1vel legal e a sua carteira de vacina.<\/p>\n\n\n\n<p><em>Ensino m\u00e9dio<\/em>: oferecido na Escola Danton Corr\u00eaa da Silva, na rua Borges de Medeiros, 235, bairro Centro. Per\u00edodo de inscri\u00e7\u00f5es para o segundo semestre de 2025 deve abrir at\u00e9 o dia 4 de agosto, quando iniciam as aulas. Para se matricular, o interessado deve levar a seguinte documenta\u00e7\u00e3o: foto 3&#215;4, certid\u00e3o de nascimento, CPF, comprovante de resid\u00eancia, cart\u00e3o SUS, cart\u00e3o de vacina, hist\u00f3rico escolar e\/ou certificado de conclus\u00e3o do ensino fundamental.<\/p>\n","protected":false},"excerpt":{"rendered":"<p>Sala de aula, livros did\u00e1ticos, quadro de giz, classes e cadeiras, equa\u00e7\u00f5es matem\u00e1ticas, separa\u00e7\u00e3o de s\u00edlabas, trabalhos em grupo. Esse emaranhado de palavras que normalmente envolvem a rotina das crian\u00e7as e adolescentes que frequentam os bancos escolares, tamb\u00e9m \u00e9 a realidade de adultos que voltaram a estudar para obter o certificado de conclus\u00e3o do ensino [&hellip;]<\/p>\n","protected":false},"author":3,"featured_media":8074,"comment_status":"open","ping_status":"open","sticky":false,"template":"","format":"standard","meta":{"footnotes":""},"categories":[45],"tags":[],"class_list":["post-8073","post","type-post","status-publish","format-standard","has-post-thumbnail","hentry","category-post_educacao"],"_links":{"self":[{"href":"https:\/\/canela.rs.gov.br\/sitenovo\/wp-json\/wp\/v2\/posts\/8073","targetHints":{"allow":["GET"]}}],"collection":[{"href":"https:\/\/canela.rs.gov.br\/sitenovo\/wp-json\/wp\/v2\/posts"}],"about":[{"href":"https:\/\/canela.rs.gov.br\/sitenovo\/wp-json\/wp\/v2\/types\/post"}],"author":[{"embeddable":true,"href":"https:\/\/canela.rs.gov.br\/sitenovo\/wp-json\/wp\/v2\/users\/3"}],"replies":[{"embeddable":true,"href":"https:\/\/canela.rs.gov.br\/sitenovo\/wp-json\/wp\/v2\/comments?post=8073"}],"version-history":[{"count":1,"href":"https:\/\/canela.rs.gov.br\/sitenovo\/wp-json\/wp\/v2\/posts\/8073\/revisions"}],"predecessor-version":[{"id":8076,"href":"https:\/\/canela.rs.gov.br\/sitenovo\/wp-json\/wp\/v2\/posts\/8073\/revisions\/8076"}],"wp:featuredmedia":[{"embeddable":true,"href":"https:\/\/canela.rs.gov.br\/sitenovo\/wp-json\/wp\/v2\/media\/8074"}],"wp:attachment":[{"href":"https:\/\/canela.rs.gov.br\/sitenovo\/wp-json\/wp\/v2\/media?parent=8073"}],"wp:term":[{"taxonomy":"category","embeddable":true,"href":"https:\/\/canela.rs.gov.br\/sitenovo\/wp-json\/wp\/v2\/categories?post=8073"},{"taxonomy":"post_tag","embeddable":true,"href":"https:\/\/canela.rs.gov.br\/sitenovo\/wp-json\/wp\/v2\/tags?post=8073"}],"curies":[{"name":"wp","href":"https:\/\/api.w.org\/{rel}","templated":true}]}}