{"id":7541,"date":"2025-07-09T15:08:18","date_gmt":"2025-07-09T18:08:18","guid":{"rendered":"https:\/\/canela.rs.gov.br\/sitenovo\/?p=7541"},"modified":"2025-08-25T16:59:55","modified_gmt":"2025-08-25T19:59:55","slug":"prefeito-gilberto-autoriza-novo-telhado-na-escola-rodolfo-schlieper-conclusao-deve-ocorrer-dentro-de-90-dias","status":"publish","type":"post","link":"https:\/\/canela.rs.gov.br\/sitenovo\/prefeito-gilberto-autoriza-novo-telhado-na-escola-rodolfo-schlieper-conclusao-deve-ocorrer-dentro-de-90-dias\/","title":{"rendered":"Prefeito Gilberto autoriza novo telhado na Escola Rodolfo Schlieper; conclus\u00e3o deve ocorrer dentro de 90 dias"},"content":{"rendered":"\n<p><\/p>\n\n\n\n<p>Por determina\u00e7\u00e3o do prefeito de Canela, Gilberto Cezar, ap\u00f3s an\u00e1lise do setor de Manuten\u00e7\u00e3o da Secretaria de Educa\u00e7\u00e3o, Esporte e Lazer, teve in\u00edcio no m\u00eas de junho a substitui\u00e7\u00e3o do telhado da Escola Especial Rodolfo Schlieper, que atende 96 alunos de educa\u00e7\u00e3o infantil, especial e de ensino fundamental de Canela. A estrutura era antiga e estava bastante deteriorada, o que levou a Prefeitura a realizar a troca completa das telhas, tesouras e demais partes do telhado. A obra est\u00e1 avan\u00e7ada e a previs\u00e3o \u00e9 de que seja conclu\u00edda em at\u00e9 90 dias.<br>Na reforma da cobertura do educand\u00e1rio, fundado h\u00e1 47 anos, o Munic\u00edpio est\u00e1 investindo at\u00e9 o momento cerca de R$118 mil, entre materiais e m\u00e3o de obra, o que acabar\u00e1 com as goteiras e o perigo que gerava aos estudantes, professores e comunidade escolar. \u201cDurante anos, convivemos com goteiras, infiltra\u00e7\u00f5es e um ambiente comprometido, o que afetava diretamente o trabalho pedag\u00f3gico e o bem-estar de alunos e profissionais. Por isso, recebemos com grande alegria a not\u00edcia da t\u00e3o esperada reforma. Essa obra representa muito mais do que uma melhoria estrutural, ela simboliza o reconhecimento e o respeito pelo trabalho que realizamos diariamente com tanto empenho e dedica\u00e7\u00e3o\u201d, destaca a diretora da escola, Joseane Almeida.<br>O prefeito Gilberto Cezar afirma que ap\u00f3s concluir o telhado, a ideia \u00e9 ampliar a reforma e, tamb\u00e9m, arrumar o p\u00e1tio e fazer salas de aula novas. \u201cEstamos prevendo reformas em todas as 24 escolas de Canela, e vamos avan\u00e7ar muito ainda. Investindo na educa\u00e7\u00e3o, fazendo o que \u00e9 necess\u00e1rio e com aten\u00e7\u00e3o a todos os cidad\u00e3os, nossa cidade ter\u00e1 um futuro melhor e mais digno\u201d, garante o chefe do Executivo Municipal.<br>A secret\u00e1ria de Educa\u00e7\u00e3o de Canela, professora Maria Gorete Rodrigues da Silva, afirma que o espa\u00e7o f\u00edsico \u00e9 uma dimens\u00e3o importante para a garantia de acesso \u00e0 educa\u00e7\u00e3o p\u00fablica de qualidade, por isso a atual gest\u00e3o colocou a reforma do telhado do educand\u00e1rio como prioridade. \u201cUm dos investimentos relevantes nesse in\u00edcio de gest\u00e3o \u00e9 garantir as condi\u00e7\u00f5es b\u00e1sicas de infraestrutura para o funcionamento pleno das escolas, e a troca do telhado desse educand\u00e1rio exemplifica esse compromisso\u201d, conclui.<\/p>\n\n\n\n<p><br><\/p>\n","protected":false},"excerpt":{"rendered":"<p>Por determina\u00e7\u00e3o do prefeito de Canela, Gilberto Cezar, ap\u00f3s an\u00e1lise do setor de Manuten\u00e7\u00e3o da Secretaria de Educa\u00e7\u00e3o, Esporte e Lazer, teve in\u00edcio no m\u00eas de junho a substitui\u00e7\u00e3o do telhado da Escola Especial Rodolfo Schlieper, que atende 96 alunos de educa\u00e7\u00e3o infantil, especial e de ensino fundamental de Canela. A estrutura era antiga e [&hellip;]<\/p>\n","protected":false},"author":3,"featured_media":7542,"comment_status":"open","ping_status":"open","sticky":false,"template":"","format":"standard","meta":{"footnotes":""},"categories":[45],"tags":[],"class_list":["post-7541","post","type-post","status-publish","format-standard","has-post-thumbnail","hentry","category-post_educacao"],"_links":{"self":[{"href":"https:\/\/canela.rs.gov.br\/sitenovo\/wp-json\/wp\/v2\/posts\/7541","targetHints":{"allow":["GET"]}}],"collection":[{"href":"https:\/\/canela.rs.gov.br\/sitenovo\/wp-json\/wp\/v2\/posts"}],"about":[{"href":"https:\/\/canela.rs.gov.br\/sitenovo\/wp-json\/wp\/v2\/types\/post"}],"author":[{"embeddable":true,"href":"https:\/\/canela.rs.gov.br\/sitenovo\/wp-json\/wp\/v2\/users\/3"}],"replies":[{"embeddable":true,"href":"https:\/\/canela.rs.gov.br\/sitenovo\/wp-json\/wp\/v2\/comments?post=7541"}],"version-history":[{"count":2,"href":"https:\/\/canela.rs.gov.br\/sitenovo\/wp-json\/wp\/v2\/posts\/7541\/revisions"}],"predecessor-version":[{"id":7552,"href":"https:\/\/canela.rs.gov.br\/sitenovo\/wp-json\/wp\/v2\/posts\/7541\/revisions\/7552"}],"wp:featuredmedia":[{"embeddable":true,"href":"https:\/\/canela.rs.gov.br\/sitenovo\/wp-json\/wp\/v2\/media\/7542"}],"wp:attachment":[{"href":"https:\/\/canela.rs.gov.br\/sitenovo\/wp-json\/wp\/v2\/media?parent=7541"}],"wp:term":[{"taxonomy":"category","embeddable":true,"href":"https:\/\/canela.rs.gov.br\/sitenovo\/wp-json\/wp\/v2\/categories?post=7541"},{"taxonomy":"post_tag","embeddable":true,"href":"https:\/\/canela.rs.gov.br\/sitenovo\/wp-json\/wp\/v2\/tags?post=7541"}],"curies":[{"name":"wp","href":"https:\/\/api.w.org\/{rel}","templated":true}]}}