{"id":7433,"date":"2025-07-01T13:51:14","date_gmt":"2025-07-01T16:51:14","guid":{"rendered":"https:\/\/canela.rs.gov.br\/sitenovo\/?p=7433"},"modified":"2025-07-02T11:27:46","modified_gmt":"2025-07-02T14:27:46","slug":"canela-zera-fila-na-pre-escola-e-reduz-espera-em-maternais-e-bercarios","status":"publish","type":"post","link":"https:\/\/canela.rs.gov.br\/sitenovo\/canela-zera-fila-na-pre-escola-e-reduz-espera-em-maternais-e-bercarios\/","title":{"rendered":"Canela zera fila na pr\u00e9-escola e reduz espera em maternais e ber\u00e7\u00e1rios"},"content":{"rendered":"\n<p><br>O esfor\u00e7o da administra\u00e7\u00e3o municipal canelense, sob o comando do prefeito Gilberto Cezar, para atender a obrigatoriedade de que 100% das crian\u00e7as em idade pr\u00e9-escolar estejam matriculadas, j\u00e1 rendeu frutos: n\u00e3o h\u00e1 mais lista de espera de alunos de 4 e 5 anos para vagas na rede p\u00fablica. Para crian\u00e7as menores, o \u00edndice de atendimento \u00e0 meta do Plano Municipal de Educa\u00e7\u00e3o chega a 90,5% dos pequenos matriculados e, agora, a Prefeitura trabalha para zerar essa demanda.<br>Para tornar tudo isso poss\u00edvel, a Secretaria de Educa\u00e7\u00e3o, Esporte e Lazer de Canela est\u00e1 promovendo uma reorganiza\u00e7\u00e3o, abrindo novas salas de aula e com uma escola de educa\u00e7\u00e3o infantil nova em constru\u00e7\u00e3o. \u201cEstamos em uma a\u00e7\u00e3o atenta e cont\u00ednua para acolher todas as crian\u00e7as, abrindo novas turmas, remanejando espa\u00e7os nas escolas, realizando conv\u00eanios, planejando novas escolas na busca de um atendimento de qualidade a todos os nossos pequenos cidad\u00e3os\u201d, refor\u00e7a a titular da Educa\u00e7\u00e3o no Munic\u00edpio, professora Maria Gorete Rodrigues da Silva.<br>O prefeito reafirma que atender as fam\u00edlias que precisam do apoio das escolas da rede p\u00fablica \u00e9 compromisso da gest\u00e3o municipal. \u201cQuando assumimos a administra\u00e7\u00e3o, encontramos uma fila de espera por vagas na educa\u00e7\u00e3o infantil, principalmente vagas para ber\u00e7\u00e1rio e maternal, e n\u00e3o havia previs\u00e3o de que isso fosse se resolver, pois o Munic\u00edpio estava sem recursos para grandes investimentos. Apesar disso, estamos vendo que \u00e9 poss\u00edvel reverter esse cen\u00e1rio com trabalho propositivo, estrat\u00e9gia e criatividade\u201d, destaca Gilberto Cezar.<br>Atualmente, 2.879 crian\u00e7as est\u00e3o matriculadas na educa\u00e7\u00e3o infantil das redes municipal, compartilhada e conveniada de Canela. Nos pr\u00e9s 1 e 2, s\u00e3o 1.651 alunos e n\u00e3o h\u00e1 nenhum em espera. J\u00e1 em rela\u00e7\u00e3o \u00e0s turmas de ber\u00e7\u00e1rio e de maternal, hoje s\u00e3o 1.228 crian\u00e7as matriculadas e 284 aguardando por vaga.<br>Conforme o Plano Municipal de Educa\u00e7\u00e3o em curso, a meta para as vagas de creche seria atender 60% da fila, o que foi superado, mas a Secretaria de Educa\u00e7\u00e3o busca tamb\u00e9m n\u00e3o ter mais fam\u00edlias na espera por vagas para os menores de 4 anos.<\/p>\n\n\n\n<p><strong>Mais salas de aula<\/strong><br>De acordo com a coordenadora da Educa\u00e7\u00e3o Infantil, Andrisa Caberlon, a maior procura por vagas est\u00e1 nos bairros Canelinha e S\u00e3o Lucas. Prevendo atender essa demanda, est\u00e1 em constru\u00e7\u00e3o a Escola de Educa\u00e7\u00e3o Infantil Adalberto Wortmann, chamada de Creche Tio Beto, que poder\u00e1 receber crian\u00e7as do Canelinha quando ficar pronta. Mesmo com essa possibilidade, a Prefeitura continua trabalhando para a abertura de mais vagas que possam absorver o restante da demanda.<br>Uma das medidas tomadas para oferecer mais vagas em ber\u00e7\u00e1rio e maternal foi a abertura de novas salas de aula nas Escolas \u00cdtala Reis e Eva Alzira Bianchi durante o \u00faltimo m\u00eas de maio. Na \u00cdtala, localizada no Centro de Canela, um ber\u00e7\u00e1rio II e um maternal II come\u00e7aram a funcionar, enquanto na Eva Alzira, situada no Jardim das Fontes, est\u00e3o duas turmas de ber\u00e7\u00e1rio.<br>Al\u00e9m das a\u00e7\u00f5es j\u00e1 mencionadas, a Secretaria de Educa\u00e7\u00e3o de Canela tamb\u00e9m trabalha em um conv\u00eanio, com uma escola da rede particular, para utilizar um antigo espa\u00e7o desse educand\u00e1rio para abrir novas salas de aula para a educa\u00e7\u00e3o infantil. O acordo est\u00e1 em tramita\u00e7\u00e3o.<br>Com todas essas a\u00e7\u00f5es, a Prefeitura Municipal valida, mais uma vez, o compromisso em buscar estrat\u00e9gias para atender tamb\u00e9m a totalidade dos estudantes menores de 4 anos de idade o mais breve poss\u00edvel.<\/p>\n\n\n\n<p><\/p>\n","protected":false},"excerpt":{"rendered":"<p>O esfor\u00e7o da administra\u00e7\u00e3o municipal canelense, sob o comando do prefeito Gilberto Cezar, para atender a obrigatoriedade de que 100% das crian\u00e7as em idade pr\u00e9-escolar estejam matriculadas, j\u00e1 rendeu frutos: n\u00e3o h\u00e1 mais lista de espera de alunos de 4 e 5 anos para vagas na rede p\u00fablica. Para crian\u00e7as menores, o \u00edndice de atendimento [&hellip;]<\/p>\n","protected":false},"author":3,"featured_media":7030,"comment_status":"open","ping_status":"open","sticky":false,"template":"","format":"standard","meta":{"footnotes":""},"categories":[45],"tags":[],"class_list":["post-7433","post","type-post","status-publish","format-standard","has-post-thumbnail","hentry","category-post_educacao"],"_links":{"self":[{"href":"https:\/\/canela.rs.gov.br\/sitenovo\/wp-json\/wp\/v2\/posts\/7433","targetHints":{"allow":["GET"]}}],"collection":[{"href":"https:\/\/canela.rs.gov.br\/sitenovo\/wp-json\/wp\/v2\/posts"}],"about":[{"href":"https:\/\/canela.rs.gov.br\/sitenovo\/wp-json\/wp\/v2\/types\/post"}],"author":[{"embeddable":true,"href":"https:\/\/canela.rs.gov.br\/sitenovo\/wp-json\/wp\/v2\/users\/3"}],"replies":[{"embeddable":true,"href":"https:\/\/canela.rs.gov.br\/sitenovo\/wp-json\/wp\/v2\/comments?post=7433"}],"version-history":[{"count":1,"href":"https:\/\/canela.rs.gov.br\/sitenovo\/wp-json\/wp\/v2\/posts\/7433\/revisions"}],"predecessor-version":[{"id":7434,"href":"https:\/\/canela.rs.gov.br\/sitenovo\/wp-json\/wp\/v2\/posts\/7433\/revisions\/7434"}],"wp:featuredmedia":[{"embeddable":true,"href":"https:\/\/canela.rs.gov.br\/sitenovo\/wp-json\/wp\/v2\/media\/7030"}],"wp:attachment":[{"href":"https:\/\/canela.rs.gov.br\/sitenovo\/wp-json\/wp\/v2\/media?parent=7433"}],"wp:term":[{"taxonomy":"category","embeddable":true,"href":"https:\/\/canela.rs.gov.br\/sitenovo\/wp-json\/wp\/v2\/categories?post=7433"},{"taxonomy":"post_tag","embeddable":true,"href":"https:\/\/canela.rs.gov.br\/sitenovo\/wp-json\/wp\/v2\/tags?post=7433"}],"curies":[{"name":"wp","href":"https:\/\/api.w.org\/{rel}","templated":true}]}}