{"id":7215,"date":"2025-06-16T09:32:41","date_gmt":"2025-06-16T12:32:41","guid":{"rendered":"https:\/\/canela.rs.gov.br\/sitenovo\/?p=7215"},"modified":"2025-06-16T09:32:42","modified_gmt":"2025-06-16T12:32:42","slug":"leei-encontro-encerra-capacitacao-para-professores-da-educacao-infantil-de-canela","status":"publish","type":"post","link":"https:\/\/canela.rs.gov.br\/sitenovo\/leei-encontro-encerra-capacitacao-para-professores-da-educacao-infantil-de-canela\/","title":{"rendered":"LEEI: Encontro encerra capacita\u00e7\u00e3o para professores da Educa\u00e7\u00e3o Infantil de Canela"},"content":{"rendered":"\n<p>Os professores da rede de Educa\u00e7\u00e3o Infantil Municipal e Conveniada de Canela participaram do encerramento da capacita\u00e7\u00e3o do Programa LEEI &#8211; Leitura e Escrita na Educa\u00e7\u00e3o Infantil do Minist\u00e9rio da Educa\u00e7\u00e3o, aderido pela Prefeitura de Canela, por meio da Secretaria de Educa\u00e7\u00e3o, Esporte e Lazer, que aconteceu na ter\u00e7a-feira, dia 10, no Espa\u00e7o Sicredi.<br>Iniciando o encontro, a secret\u00e1ria de Educa\u00e7\u00e3o de Canela, professora Maria Gorete Rodrigues da Silva, fez seu pronunciamento ressaltando a uni\u00e3o e mobiliza\u00e7\u00e3o em prol da qualifica\u00e7\u00e3o docente. \u201cO LEEI exemplifica a import\u00e2ncia das parcerias: uma pol\u00edtica p\u00fablica federal, o governo estadual, universidades e a a\u00e7\u00e3o da prefeitura, atrav\u00e9s da Secretaria de Educa\u00e7\u00e3o, em prol da qualifica\u00e7\u00e3o da educa\u00e7\u00e3o p\u00fablica, no caso, a Educa\u00e7\u00e3o Infantil. Uma grande parceria pela qualifica\u00e7\u00e3o docente, que vai contribuir no desenvolvimento da cidadania e em um trabalho mais qualificado\u201d, sintetizou.<br>O vice-prefeito Gilberto Tegner participou da abertura do evento, representando o prefeito Gilberto Cezar. \u201cEm nome do prefeito, agrade\u00e7o a presen\u00e7a de todos os profissionais presentes neste encontro. E refor\u00e7o o compromisso da gest\u00e3o em proporcionar uma educa\u00e7\u00e3o de qualidade. Capacita\u00e7\u00f5es como estas geram mais valoriza\u00e7\u00e3o e ampliam os conhecimentos, qualificando o ensino infantil em Canela\u201d, enfatizou.<br>Ap\u00f3s o pronunciamento das autoridades municipais teve in\u00edcio a palestra: \u201cA Escola das Inf\u00e2ncias que Transforma Vidas\u201d, ministrada pelo doutor em Educa\u00e7\u00e3o, Wagner Peruzzo. Entre os temas abordados: viv\u00eancias na educa\u00e7\u00e3o infantil, atrav\u00e9s de din\u00e2micas e formas de abordagens de ensino.<br>Na parte da tarde, aconteceu a palestra \u201cMatem\u00e1tica e Literatura: Que rela\u00e7\u00e3o \u00e9 essa?\u201d. E encerrando o encontro houve um painel com os professores participantes sobre trocas e experi\u00eancias sobre o curso.<br>O secret\u00e1rio adjunto de Educa\u00e7\u00e3o, Evandro Nunes, e demais integrantes da equipe da Secretaria de Educa\u00e7\u00e3o tamb\u00e9m participaram da abertura. O evento contou, ainda, com a apresenta\u00e7\u00e3o do gaiteiro Em\u00edlio Foga\u00e7a.<\/p>\n\n\n\n<p>SOBRE O LEEI<br>O Programa LEEI &#8211; Leitura e Escrita na Educa\u00e7\u00e3o Infantil, \u00e9 organizado pelo Minist\u00e9rio da Educa\u00e7\u00e3o. Estas forma\u00e7\u00f5es est\u00e3o ocorrendo em todo o Brasil com o objetivo de desenvolver pr\u00e1ticas educativas que ampliem as experi\u00eancias e viv\u00eancias das crian\u00e7as com a linguagem escrita, bem como fortalecer o planejamento e a implementa\u00e7\u00e3o de pr\u00e1ticas pedag\u00f3gicas, que visam criar uma cultura de leitura, escrita e oralidade na rotina das crian\u00e7as, levando em considera\u00e7\u00e3o os eixos estruturantes da Educa\u00e7\u00e3o Infantil que s\u00e3o as intera\u00e7\u00f5es e as brincadeiras, onde o aprendizado acontece atrav\u00e9s da ludicidade.<br>Em Canela, aproximadamente 80 professores participaram da forma\u00e7\u00e3o. Os encontros foram destinados para docentes de ensino pr\u00e9-escolar e foram ministrados por duas formadoras municipais: Vanessa Tom\u00e9 e Cl\u00e1udia Cardoso.<\/p>\n\n\n\n<p><\/p>\n","protected":false},"excerpt":{"rendered":"<p>Os professores da rede de Educa\u00e7\u00e3o Infantil Municipal e Conveniada de Canela participaram do encerramento da capacita\u00e7\u00e3o do Programa LEEI &#8211; Leitura e Escrita na Educa\u00e7\u00e3o Infantil do Minist\u00e9rio da Educa\u00e7\u00e3o, aderido pela Prefeitura de Canela, por meio da Secretaria de Educa\u00e7\u00e3o, Esporte e Lazer, que aconteceu na ter\u00e7a-feira, dia 10, no Espa\u00e7o Sicredi.Iniciando o [&hellip;]<\/p>\n","protected":false},"author":3,"featured_media":7217,"comment_status":"open","ping_status":"open","sticky":false,"template":"","format":"standard","meta":{"footnotes":""},"categories":[45],"tags":[],"class_list":["post-7215","post","type-post","status-publish","format-standard","has-post-thumbnail","hentry","category-post_educacao"],"_links":{"self":[{"href":"https:\/\/canela.rs.gov.br\/sitenovo\/wp-json\/wp\/v2\/posts\/7215","targetHints":{"allow":["GET"]}}],"collection":[{"href":"https:\/\/canela.rs.gov.br\/sitenovo\/wp-json\/wp\/v2\/posts"}],"about":[{"href":"https:\/\/canela.rs.gov.br\/sitenovo\/wp-json\/wp\/v2\/types\/post"}],"author":[{"embeddable":true,"href":"https:\/\/canela.rs.gov.br\/sitenovo\/wp-json\/wp\/v2\/users\/3"}],"replies":[{"embeddable":true,"href":"https:\/\/canela.rs.gov.br\/sitenovo\/wp-json\/wp\/v2\/comments?post=7215"}],"version-history":[{"count":1,"href":"https:\/\/canela.rs.gov.br\/sitenovo\/wp-json\/wp\/v2\/posts\/7215\/revisions"}],"predecessor-version":[{"id":7218,"href":"https:\/\/canela.rs.gov.br\/sitenovo\/wp-json\/wp\/v2\/posts\/7215\/revisions\/7218"}],"wp:featuredmedia":[{"embeddable":true,"href":"https:\/\/canela.rs.gov.br\/sitenovo\/wp-json\/wp\/v2\/media\/7217"}],"wp:attachment":[{"href":"https:\/\/canela.rs.gov.br\/sitenovo\/wp-json\/wp\/v2\/media?parent=7215"}],"wp:term":[{"taxonomy":"category","embeddable":true,"href":"https:\/\/canela.rs.gov.br\/sitenovo\/wp-json\/wp\/v2\/categories?post=7215"},{"taxonomy":"post_tag","embeddable":true,"href":"https:\/\/canela.rs.gov.br\/sitenovo\/wp-json\/wp\/v2\/tags?post=7215"}],"curies":[{"name":"wp","href":"https:\/\/api.w.org\/{rel}","templated":true}]}}