{"id":7124,"date":"2025-06-11T11:06:33","date_gmt":"2025-06-11T14:06:33","guid":{"rendered":"https:\/\/canela.rs.gov.br\/sitenovo\/?p=7124"},"modified":"2025-06-11T11:06:34","modified_gmt":"2025-06-11T14:06:34","slug":"semana-do-brincar-em-canela-resgata-brincadeiras-antigas","status":"publish","type":"post","link":"https:\/\/canela.rs.gov.br\/sitenovo\/semana-do-brincar-em-canela-resgata-brincadeiras-antigas\/","title":{"rendered":"Semana do Brincar em Canela resgata brincadeiras antigas"},"content":{"rendered":"\n<p><br>A programa\u00e7\u00e3o da Semana Mundial do Brincar foi conclu\u00edda na sexta-feira, 6 de junho, em Canela. Uma intensa programa\u00e7\u00e3o foi organizada pela Prefeitura Municipal em conjunto com todas as escolas infantis p\u00fablicas e conveniadas da cidade, assim como duas escolas de ensino fundamental, tendo in\u00edcio no dia 27 de maio. O destaque das atividades foi o resgate de brincadeiras e brinquedos antigos promovido com a participa\u00e7\u00e3o efetiva dos servidores e funcion\u00e1rios dos educand\u00e1rios e das fam\u00edlias das crian\u00e7as.<br>De acordo com a Secretaria de Educa\u00e7\u00e3o, Esporte e Lazer, o enfoque de toda a programa\u00e7\u00e3o foi justamente o resgate das formas de brincar e dos brinquedos que eram utilizados pelos pais e av\u00f3s das crian\u00e7as. Com isso, a tem\u00e1tica \u201cProteger o encantamento das inf\u00e2ncias\u201d foi bastante trabalhada com os pequenos estudantes em cada atividade proposta.<br>Na quinta-feira, dia 5, a secret\u00e1ria de Educa\u00e7\u00e3o, Esporte e Lazer, professora Maria Gorete Rodrigues da Silva; o adjunto Evandro Mikoleiczaki; e as coordenadoras da Educa\u00e7\u00e3o Infantil, Andriza Caberlon, e de Desporto e Escolar, Gabriela Laidens, participaram da programa\u00e7\u00e3o na Escola Diva Pedroso da Cunha, onde foram apresentadas a dan\u00e7a da cadeira e da laranja. A equipe da pasta de Educa\u00e7\u00e3o visitou todos os educand\u00e1rios durante o per\u00edodo de realiza\u00e7\u00e3o da Semana Mundial do Brincar. \u00a0<br>Todas as institui\u00e7\u00f5es de educa\u00e7\u00e3o infantil do munic\u00edpio participaram, sendo elas: as escolas Adriana Spall Wingert, Alice Wortmann, Cora Cunha Viana, Diva Pedroso da Cunha, Eva Alzira Batista Nunes Bianchi, Itala Reis, Selma Port Hermann, Serafina Seibt e Sylvio Hoffmann. As escolas de Ensino Fundamental Zeferino Jos\u00e9 Lopes e Baldu\u00edno Boelter tamb\u00e9m fizeram atividades.<br>Horas do conto, rodas cantadas, cabo de guerra, teatro de fantoche, corrida do saco, jogo de taco, cantigas de roda, produ\u00e7\u00e3o de massa de modelar, confec\u00e7\u00e3o de brinquedos com material recicl\u00e1vel, circuitos e dan\u00e7a das cadeiras foram algumas das atividades proporcionadas \u00e0s crian\u00e7as.<\/p>\n","protected":false},"excerpt":{"rendered":"<p>A programa\u00e7\u00e3o da Semana Mundial do Brincar foi conclu\u00edda na sexta-feira, 6 de junho, em Canela. Uma intensa programa\u00e7\u00e3o foi organizada pela Prefeitura Municipal em conjunto com todas as escolas infantis p\u00fablicas e conveniadas da cidade, assim como duas escolas de ensino fundamental, tendo in\u00edcio no dia 27 de maio. O destaque das atividades foi [&hellip;]<\/p>\n","protected":false},"author":3,"featured_media":7125,"comment_status":"open","ping_status":"open","sticky":false,"template":"","format":"standard","meta":{"footnotes":""},"categories":[45],"tags":[],"class_list":["post-7124","post","type-post","status-publish","format-standard","has-post-thumbnail","hentry","category-post_educacao"],"_links":{"self":[{"href":"https:\/\/canela.rs.gov.br\/sitenovo\/wp-json\/wp\/v2\/posts\/7124","targetHints":{"allow":["GET"]}}],"collection":[{"href":"https:\/\/canela.rs.gov.br\/sitenovo\/wp-json\/wp\/v2\/posts"}],"about":[{"href":"https:\/\/canela.rs.gov.br\/sitenovo\/wp-json\/wp\/v2\/types\/post"}],"author":[{"embeddable":true,"href":"https:\/\/canela.rs.gov.br\/sitenovo\/wp-json\/wp\/v2\/users\/3"}],"replies":[{"embeddable":true,"href":"https:\/\/canela.rs.gov.br\/sitenovo\/wp-json\/wp\/v2\/comments?post=7124"}],"version-history":[{"count":1,"href":"https:\/\/canela.rs.gov.br\/sitenovo\/wp-json\/wp\/v2\/posts\/7124\/revisions"}],"predecessor-version":[{"id":7126,"href":"https:\/\/canela.rs.gov.br\/sitenovo\/wp-json\/wp\/v2\/posts\/7124\/revisions\/7126"}],"wp:featuredmedia":[{"embeddable":true,"href":"https:\/\/canela.rs.gov.br\/sitenovo\/wp-json\/wp\/v2\/media\/7125"}],"wp:attachment":[{"href":"https:\/\/canela.rs.gov.br\/sitenovo\/wp-json\/wp\/v2\/media?parent=7124"}],"wp:term":[{"taxonomy":"category","embeddable":true,"href":"https:\/\/canela.rs.gov.br\/sitenovo\/wp-json\/wp\/v2\/categories?post=7124"},{"taxonomy":"post_tag","embeddable":true,"href":"https:\/\/canela.rs.gov.br\/sitenovo\/wp-json\/wp\/v2\/tags?post=7124"}],"curies":[{"name":"wp","href":"https:\/\/api.w.org\/{rel}","templated":true}]}}