{"id":7047,"date":"2025-06-09T08:47:58","date_gmt":"2025-06-09T11:47:58","guid":{"rendered":"https:\/\/canela.rs.gov.br\/sitenovo\/?p=7047"},"modified":"2025-06-09T08:48:00","modified_gmt":"2025-06-09T11:48:00","slug":"prefeito-acompanha-obras-de-melhorias-na-escola-noeli-azevedo","status":"publish","type":"post","link":"https:\/\/canela.rs.gov.br\/sitenovo\/prefeito-acompanha-obras-de-melhorias-na-escola-noeli-azevedo\/","title":{"rendered":"Prefeito acompanha obras de melhorias na Escola Noeli Azevedo"},"content":{"rendered":"\n<p><strong><br><\/strong>Com o objetivo de revitalizar a estrutura, proporcionando melhores condi\u00e7\u00f5es de acesso e de seguran\u00e7a para os alunos, professores e comunidade escolar, a gest\u00e3o municipal, liderada pelo prefeito Gilberto Cezar, est\u00e1 realizando diversas melhorias no pr\u00e9dio da EMEIEFI Noeli Silva de Azevedo e Souza, no bairro Santa Marta.<br>O prefeito esteve acompanhando as obras de perto na manh\u00e3 de sexta-feira, dia 6, juntamente a secret\u00e1ria de Educa\u00e7\u00e3o Esporte e Lazer, Maria Gorete Rodrigues da Silva. Entre as reformas realizadas est\u00e1 uma nova rampa de acesso para a entrada dos alunos, que j\u00e1 foi conclu\u00edda, devidamente paramentada com corrim\u00f5es, alterando a entrada ao educand\u00e1rio, que agora ser\u00e1 realizada pela Rua Grenal.<br>\u201cEssa mudan\u00e7a do acesso \u00e0 escola era uma antiga reivindica\u00e7\u00e3o da dire\u00e7\u00e3o e garantir\u00e1 mais seguran\u00e7a para alunos e docentes. Tamb\u00e9m determinei a pintura interna do pr\u00e9dio e o paisagismo, que j\u00e1 est\u00e3o ocorrendo, promovendo um melhor ambiente escolar para todos\u201d, atesta o prefeito Gilberto Cezar.<br>Conforme a Secretaria da Educa\u00e7\u00e3o, tamb\u00e9m est\u00e1 em andamento um projeto de novas melhorias no espa\u00e7o f\u00edsico, como quadra de multi\u00faso coberta e pavimentada. Nos pr\u00f3ximos dias, ser\u00e1 dado in\u00edcio ao cercamento do pr\u00e9dio e pavimenta\u00e7\u00e3o com blocos de concreto. \u201cA expectativa \u00e9 concluir todas essas melhorias ainda neste ano\u201d, finaliza o prefeito.<\/p>\n\n\n\n<p><\/p>\n","protected":false},"excerpt":{"rendered":"<p>Com o objetivo de revitalizar a estrutura, proporcionando melhores condi\u00e7\u00f5es de acesso e de seguran\u00e7a para os alunos, professores e comunidade escolar, a gest\u00e3o municipal, liderada pelo prefeito Gilberto Cezar, est\u00e1 realizando diversas melhorias no pr\u00e9dio da EMEIEFI Noeli Silva de Azevedo e Souza, no bairro Santa Marta.O prefeito esteve acompanhando as obras de perto [&hellip;]<\/p>\n","protected":false},"author":3,"featured_media":7048,"comment_status":"open","ping_status":"open","sticky":false,"template":"","format":"standard","meta":{"footnotes":""},"categories":[164,45],"tags":[],"class_list":["post-7047","post","type-post","status-publish","format-standard","has-post-thumbnail","hentry","category-destaque","category-post_educacao"],"_links":{"self":[{"href":"https:\/\/canela.rs.gov.br\/sitenovo\/wp-json\/wp\/v2\/posts\/7047","targetHints":{"allow":["GET"]}}],"collection":[{"href":"https:\/\/canela.rs.gov.br\/sitenovo\/wp-json\/wp\/v2\/posts"}],"about":[{"href":"https:\/\/canela.rs.gov.br\/sitenovo\/wp-json\/wp\/v2\/types\/post"}],"author":[{"embeddable":true,"href":"https:\/\/canela.rs.gov.br\/sitenovo\/wp-json\/wp\/v2\/users\/3"}],"replies":[{"embeddable":true,"href":"https:\/\/canela.rs.gov.br\/sitenovo\/wp-json\/wp\/v2\/comments?post=7047"}],"version-history":[{"count":1,"href":"https:\/\/canela.rs.gov.br\/sitenovo\/wp-json\/wp\/v2\/posts\/7047\/revisions"}],"predecessor-version":[{"id":7049,"href":"https:\/\/canela.rs.gov.br\/sitenovo\/wp-json\/wp\/v2\/posts\/7047\/revisions\/7049"}],"wp:featuredmedia":[{"embeddable":true,"href":"https:\/\/canela.rs.gov.br\/sitenovo\/wp-json\/wp\/v2\/media\/7048"}],"wp:attachment":[{"href":"https:\/\/canela.rs.gov.br\/sitenovo\/wp-json\/wp\/v2\/media?parent=7047"}],"wp:term":[{"taxonomy":"category","embeddable":true,"href":"https:\/\/canela.rs.gov.br\/sitenovo\/wp-json\/wp\/v2\/categories?post=7047"},{"taxonomy":"post_tag","embeddable":true,"href":"https:\/\/canela.rs.gov.br\/sitenovo\/wp-json\/wp\/v2\/tags?post=7047"}],"curies":[{"name":"wp","href":"https:\/\/api.w.org\/{rel}","templated":true}]}}