{"id":7024,"date":"2025-06-05T17:05:26","date_gmt":"2025-06-05T20:05:26","guid":{"rendered":"https:\/\/canela.rs.gov.br\/sitenovo\/?p=7024"},"modified":"2025-08-25T16:59:33","modified_gmt":"2025-08-25T19:59:33","slug":"canela-sediara-encontro-das-associacoes-gauchas-e-grupos-de-autodefensoria-das-pessoas-com-down","status":"publish","type":"post","link":"https:\/\/canela.rs.gov.br\/sitenovo\/canela-sediara-encontro-das-associacoes-gauchas-e-grupos-de-autodefensoria-das-pessoas-com-down\/","title":{"rendered":"Canela sediar\u00e1 Encontro das Associa\u00e7\u00f5es Ga\u00fachas e Grupos de Autodefensoria das pessoas com Down"},"content":{"rendered":"\n<p>De sexta-feira, 6 de junho, at\u00e9 domingo, dia 8, Canela sediar\u00e1 o Encontro das Associa\u00e7\u00f5es Ga\u00fachas e Grupos de Autodefensoria das pessoas com S\u00edndrome de Down. O evento tem o apoio da Prefeitura Municipal, por meio da Secretaria de Educa\u00e7\u00e3o, Esporte e Lazer, e acontece no Espa\u00e7o Sicredi, na Rua Jo\u00e3o Pessoa, 725, no bairro Boeira. Na programa\u00e7\u00e3o est\u00e3o oficinas, apresenta\u00e7\u00f5es art\u00edsticas, din\u00e2micas de grupo, palestras e mesas redondas, que v\u00e3o abordar assuntos como empregabilidade, nutri\u00e7\u00e3o, autonomia, capacitismo e sa\u00fade bucal.<br>A secret\u00e1ria de Educa\u00e7\u00e3o, Esporte e Lazer, Maria Gorete Rodrigues da Silva, destaca que encontros como esse, realizado em Canela, s\u00e3o espa\u00e7os muito importantes para todos os coletivos em uma sociedade inclusiva. \u201cReceber esse evento em que pessoas com S\u00edndrome de Down e suas fam\u00edlias t\u00eam a oportunidade de mostrar o quanto podem contribuir com o mundo \u00e9 uma oportunidade \u00fanica. Que possamos aprender com o exemplo desse grupo\u201d, afirma.<br>Representantes de diversos munic\u00edpios ga\u00fachos j\u00e1 confirmaram presen\u00e7a no evento, que tem a Federa\u00e7\u00e3o Brasileira das Associa\u00e7\u00f5es de S\u00edndrome de Down entre as institui\u00e7\u00f5es organizadoras. Estar\u00e3o presentes entidades de Pelotas, Porto Alegre, Os\u00f3rio, Novo Hamburgo, Rio Grande, Gravata\u00ed, entre outras cidades.<\/p>\n\n\n\n<p><strong>Programa\u00e7\u00e3o<\/strong><br>A abertura oficial do encontro acontece na sexta-feira, dia 6, \u00e0s 19h, com coquetel e uma apresenta\u00e7\u00e3o art\u00edstica do Grupo de Autodefensoria AFAD de Porto Alegre. Na sequ\u00eancia, \u00e0s 20h30, ser\u00e1 realizada uma din\u00e2mica com o psicomotrista Afonso Henrique Forni, da Down Chute no Preconceito de Gravata\u00ed, e com o professor de educa\u00e7\u00e3o f\u00edsica da AFAD de Porto Alegre, Eduardo Leite Bedin. \u00c0s 20h45 \u00e9 a palestra sobre alimenta\u00e7\u00e3o e suplementa\u00e7\u00e3o na S\u00edndrome de Down, com a nutricionista Michele Vianna da AFAD 21 de Novo Hamburgo. E encerrando o primeiro dia do evento, a psicopedagoga Maria Cristina Pinto e o fot\u00f3grafo Jo\u00e3o Vicente Fiorentini, da AFAD Porto Alegre, palestram sobre educa\u00e7\u00e3o inclusiva.<br>No encerramento, no domingo, \u00e0s 10h30, est\u00e1 prevista uma visita ao parque Space Adventure e na Roda Canela, seguidos de almo\u00e7o por ades\u00e3o.<\/p>\n","protected":false},"excerpt":{"rendered":"<p>De sexta-feira, 6 de junho, at\u00e9 domingo, dia 8, Canela sediar\u00e1 o Encontro das Associa\u00e7\u00f5es Ga\u00fachas e Grupos de Autodefensoria das pessoas com S\u00edndrome de Down. O evento tem o apoio da Prefeitura Municipal, por meio da Secretaria de Educa\u00e7\u00e3o, Esporte e Lazer, e acontece no Espa\u00e7o Sicredi, na Rua Jo\u00e3o Pessoa, 725, no bairro [&hellip;]<\/p>\n","protected":false},"author":3,"featured_media":7030,"comment_status":"open","ping_status":"open","sticky":false,"template":"","format":"standard","meta":{"footnotes":""},"categories":[45],"tags":[],"class_list":["post-7024","post","type-post","status-publish","format-standard","has-post-thumbnail","hentry","category-post_educacao"],"_links":{"self":[{"href":"https:\/\/canela.rs.gov.br\/sitenovo\/wp-json\/wp\/v2\/posts\/7024","targetHints":{"allow":["GET"]}}],"collection":[{"href":"https:\/\/canela.rs.gov.br\/sitenovo\/wp-json\/wp\/v2\/posts"}],"about":[{"href":"https:\/\/canela.rs.gov.br\/sitenovo\/wp-json\/wp\/v2\/types\/post"}],"author":[{"embeddable":true,"href":"https:\/\/canela.rs.gov.br\/sitenovo\/wp-json\/wp\/v2\/users\/3"}],"replies":[{"embeddable":true,"href":"https:\/\/canela.rs.gov.br\/sitenovo\/wp-json\/wp\/v2\/comments?post=7024"}],"version-history":[{"count":1,"href":"https:\/\/canela.rs.gov.br\/sitenovo\/wp-json\/wp\/v2\/posts\/7024\/revisions"}],"predecessor-version":[{"id":7031,"href":"https:\/\/canela.rs.gov.br\/sitenovo\/wp-json\/wp\/v2\/posts\/7024\/revisions\/7031"}],"wp:featuredmedia":[{"embeddable":true,"href":"https:\/\/canela.rs.gov.br\/sitenovo\/wp-json\/wp\/v2\/media\/7030"}],"wp:attachment":[{"href":"https:\/\/canela.rs.gov.br\/sitenovo\/wp-json\/wp\/v2\/media?parent=7024"}],"wp:term":[{"taxonomy":"category","embeddable":true,"href":"https:\/\/canela.rs.gov.br\/sitenovo\/wp-json\/wp\/v2\/categories?post=7024"},{"taxonomy":"post_tag","embeddable":true,"href":"https:\/\/canela.rs.gov.br\/sitenovo\/wp-json\/wp\/v2\/tags?post=7024"}],"curies":[{"name":"wp","href":"https:\/\/api.w.org\/{rel}","templated":true}]}}