{"id":6906,"date":"2025-05-28T17:51:39","date_gmt":"2025-05-28T20:51:39","guid":{"rendered":"https:\/\/canela.rs.gov.br\/sitenovo\/?p=6906"},"modified":"2025-08-25T16:58:38","modified_gmt":"2025-08-25T19:58:38","slug":"revitalizacao-da-ponte-do-morro-do-arame-e-concluida-com-parceria-entre-prefeituras-de-canela-e-de-gramado","status":"publish","type":"post","link":"https:\/\/canela.rs.gov.br\/sitenovo\/revitalizacao-da-ponte-do-morro-do-arame-e-concluida-com-parceria-entre-prefeituras-de-canela-e-de-gramado\/","title":{"rendered":"Revitaliza\u00e7\u00e3o da Ponte do Morro do Arame \u00e9 conclu\u00edda com parceria entre Prefeituras de Canela e de Gramado"},"content":{"rendered":"\n<p>A revitaliza\u00e7\u00e3o da Ponte do Morro do Arame, localizada na zona rural do munic\u00edpio de Gramado, e que liga o munic\u00edpio a Canela, foi conclu\u00edda na \u00faltima semana e contou com uma importante parceria entre as Prefeituras das duas cidades. O Executivo canelense, por meio da Secretaria Municipal de Obras, Servi\u00e7os Urbanos e Agricultura, comprou todo o material para a ponte ser refeita, enquanto Gramado disponibilizou a m\u00e3o de obra e o maquin\u00e1rio.<br>Segundo o prefeito de Canela, Gilberto Cezar, a revitaliza\u00e7\u00e3o traz relevantes benef\u00edcios para a mobilidade da comunidade local. \u201cEsta parceria e integra\u00e7\u00e3o de Canela com os munic\u00edpios vizinhos s\u00f3 trazem benef\u00edcios \u00e0 popula\u00e7\u00e3o, proporcionando al\u00e9m de uma estrutura totalmente nova, mais seguran\u00e7a para quem transita pela estrada\u201d, finaliza o prefeito.<\/p>\n","protected":false},"excerpt":{"rendered":"<p>A revitaliza\u00e7\u00e3o da Ponte do Morro do Arame, localizada na zona rural do munic\u00edpio de Gramado, e que liga o munic\u00edpio a Canela, foi conclu\u00edda na \u00faltima semana e contou com uma importante parceria entre as Prefeituras das duas cidades. O Executivo canelense, por meio da Secretaria Municipal de Obras, Servi\u00e7os Urbanos e Agricultura, comprou [&hellip;]<\/p>\n","protected":false},"author":3,"featured_media":6907,"comment_status":"open","ping_status":"open","sticky":false,"template":"","format":"standard","meta":{"footnotes":""},"categories":[53],"tags":[],"class_list":["post-6906","post","type-post","status-publish","format-standard","has-post-thumbnail","hentry","category-post_obras"],"_links":{"self":[{"href":"https:\/\/canela.rs.gov.br\/sitenovo\/wp-json\/wp\/v2\/posts\/6906","targetHints":{"allow":["GET"]}}],"collection":[{"href":"https:\/\/canela.rs.gov.br\/sitenovo\/wp-json\/wp\/v2\/posts"}],"about":[{"href":"https:\/\/canela.rs.gov.br\/sitenovo\/wp-json\/wp\/v2\/types\/post"}],"author":[{"embeddable":true,"href":"https:\/\/canela.rs.gov.br\/sitenovo\/wp-json\/wp\/v2\/users\/3"}],"replies":[{"embeddable":true,"href":"https:\/\/canela.rs.gov.br\/sitenovo\/wp-json\/wp\/v2\/comments?post=6906"}],"version-history":[{"count":2,"href":"https:\/\/canela.rs.gov.br\/sitenovo\/wp-json\/wp\/v2\/posts\/6906\/revisions"}],"predecessor-version":[{"id":6909,"href":"https:\/\/canela.rs.gov.br\/sitenovo\/wp-json\/wp\/v2\/posts\/6906\/revisions\/6909"}],"wp:featuredmedia":[{"embeddable":true,"href":"https:\/\/canela.rs.gov.br\/sitenovo\/wp-json\/wp\/v2\/media\/6907"}],"wp:attachment":[{"href":"https:\/\/canela.rs.gov.br\/sitenovo\/wp-json\/wp\/v2\/media?parent=6906"}],"wp:term":[{"taxonomy":"category","embeddable":true,"href":"https:\/\/canela.rs.gov.br\/sitenovo\/wp-json\/wp\/v2\/categories?post=6906"},{"taxonomy":"post_tag","embeddable":true,"href":"https:\/\/canela.rs.gov.br\/sitenovo\/wp-json\/wp\/v2\/tags?post=6906"}],"curies":[{"name":"wp","href":"https:\/\/api.w.org\/{rel}","templated":true}]}}