{"id":6896,"date":"2025-05-28T15:10:13","date_gmt":"2025-05-28T18:10:13","guid":{"rendered":"https:\/\/canela.rs.gov.br\/sitenovo\/?p=6896"},"modified":"2025-06-03T13:32:59","modified_gmt":"2025-06-03T16:32:59","slug":"canela-fara-programacao-da-semana-do-meio-ambiente-de-3-a-7-de-junho","status":"publish","type":"post","link":"https:\/\/canela.rs.gov.br\/sitenovo\/canela-fara-programacao-da-semana-do-meio-ambiente-de-3-a-7-de-junho\/","title":{"rendered":"Canela far\u00e1 programa\u00e7\u00e3o da Semana do Meio Ambiente de 3 a 7 de junho"},"content":{"rendered":"\n<p><br>Visando despertar na comunidade a conscientiza\u00e7\u00e3o pela causa ambiental, a Prefeitura de Canela, em uma parceria entre as Secretarias Municipais do Meio Ambiente e Urbanismo e de Educa\u00e7\u00e3o, Esporte e Lazer, realizar\u00e1 de 3 a 7 de junho a Semana do Meio Ambiente com uma programa\u00e7\u00e3o que inclui palestras, roda de conversa, plantio de mudas e uma edi\u00e7\u00e3o especial da Feirinha Canela + Verde no Centro de Feiras(Espa\u00e7o Canela Rural). A iniciativa faz parte do Programa Ecocidadania, portanto, mobiliza tamb\u00e9m uma s\u00e9rie de atividades na rede municipal de ensino.<br>Conforme o secret\u00e1rio respons\u00e1vel pela pasta do Meio Ambiente na Prefeitura, Carlos Frozi, o evento visa promover a conscientiza\u00e7\u00e3o para que a popula\u00e7\u00e3o mude atitudes em rela\u00e7\u00e3o ao uso dos recursos e das quest\u00f5es ambientais. \u201cA separa\u00e7\u00e3o correta dos res\u00edduos \u00e9 uma das formas de contribuir para a preserva\u00e7\u00e3o do meio ambiente\u201d, salienta.<\/p>\n\n\n\n<p><strong>PROGRAMA\u00c7\u00c3O DA SECRETARIA DO MEIO AMBIENTE E URBANISMO:<\/strong><\/p>\n\n\n\n<p><strong>3\/6 &#8211; Ter\u00e7a-feira<\/strong><\/p>\n\n\n\n<p><strong>Programa Ecocidadania: Palestra: \u201cAgenda 2030 e os 17 ODS: Caminhos para um futuro sustent\u00e1vel.\u201d<\/strong><br>Palestrantes: Secret\u00e1rio Carlos Jos\u00e9 Frozi (SMMAU) e Secret\u00e1ria Maria Gorete (SMEEL).<br>Hor\u00e1rio: 19h<br>Local: Cidica<\/p>\n\n\n\n<p><strong>4\/6 &#8211; Quarta-feira<\/strong><\/p>\n\n\n\n<p><strong>Atividade Educa\u00e7\u00e3o Ambiental &#8211; <\/strong><strong>A <\/strong><strong>g<\/strong><strong>est\u00e3o dos <\/strong><strong>r<\/strong><strong>es\u00edduos <\/strong><strong>s<\/strong><strong>\u00f3lidos <\/strong><strong>d<\/strong><strong>omiciliares na <\/strong><strong>p<\/strong><strong>r\u00e1tica &#8211; <\/strong>Acic, OAB e CDA<br>Hor\u00e1rio: 13h30 as 15h30<br>Local: Cidica<\/p>\n\n\n\n<p><strong>Palestra: \u201cMudan\u00e7as Clim\u00e1ticas: Desafios e estrat\u00e9gias para o muni<\/strong><strong>c\u00ed<\/strong><strong>pio.\u201d<\/strong><br>Palestrante: Esthalin Moreira<br>Hor\u00e1rio: 19h<br>Local: Cidica<\/p>\n\n\n\n<p><strong>5\/6 &#8211; Quinta-feira<\/strong><br><strong>Mutir\u00e3o de coleta de res\u00edduos em \u00c1rea Verde P\u00fablica \u2013 <\/strong>Acic e Secretarias do Meio Ambiente e Urbanismo e Secretaria de Obras Hor\u00e1rio: 9h &#8211; Local: Rua Volunt\u00e1rios da P\u00e1tria &#8211; Bairro S\u00e3o Rafael<br><strong>Roda de conversa: \u201cCidades Limpas e Organizadas: Responsabilidades compartilhadas.\u201d<\/strong><br>Painelistas:<br>&#8211; Cesar Prux \u2013 Secret\u00e1rio Adjunto de Obras &#8211; Laci Gross \u2013 Diretora do Departamento de Res\u00edduos<br>&#8211; Maira Phul \u2013 Engenheira Ambiental<br>&#8211; Atson Domingues \u2013 Fiscal Ambiental (SMMAU) &#8211; Felipe Fernandes \u2013 Engenheiro Civil Hor\u00e1rio: 19h<br>Local: Cidica<\/p>\n\n\n\n<p><strong>6\/6 &#8211; Sexta-feira<\/strong><\/p>\n\n\n\n<p><strong>P<\/strong><strong>ainel Ecocidadania<\/strong><strong> \u2013 Olhares da comunidade escolar<\/strong><\/p>\n\n\n\n<p>Mediadores: Carina Soares e Eng. Cristiano Kern Hickel<\/p>\n\n\n\n<p>Hor\u00e1rio: 9h<br>Local: CIDICA<\/p>\n\n\n\n<p><strong>Roda de Conversa:\u201cConceitos para o Novo Plano Diretor de Canela\u201d<\/strong><br>Painelistas: Arquitetos e urbanistas do Departamento de An\u00e1lises e Aprova\u00e7\u00e3o de Projetos Carina Boeira Rizzo, Elisabeth Scheele Queiroga, Geraldo Luis Noll de Castro, Silvane Ferreira Belmonte e Laura Krewer Trindade.<br>Hor\u00e1rio: 19h<br>Local: Cidica<\/p>\n\n\n\n<p><strong>7\/6<\/strong><\/p>\n\n\n\n<p><strong>Feira Canela + Verde<\/strong><\/p>\n\n\n\n<p>Hor\u00e1rio: 9h \u00e0s 13h<br>Local: Centro de Feiras(Espa\u00e7o Canela Rural)<\/p>\n\n\n\n<p><strong>Mutir\u00e3o de Coleta de Res\u00edduos em \u00c1rea Verde P\u00fablica <\/strong>ACIC, Grupo Escoteiro Abaete e Secretarias do Meio Ambiente e Urbanismo e Secretaria de Obras -Hor\u00e1rio: 9h &#8211; Local: \u00c1rea Verde P\u00fablica na Rua Ourives Souza Rodrigues Bairro S\u00e3o Luis<\/p>\n\n\n\n<p><strong>Plantio de uma muda de Cedro Rosa &#8211; <\/strong>COMDEMA E RPPN BOSQUE DE CANELA &#8211; Hor\u00e1rio: 10:30h<br>Local: Parque do Lago<\/p>\n\n\n\n<p><strong>PROGRAMA\u00c7\u00c3O DA SECRETARIA DA EDUCA\u00c7\u00c3O ESPORTE E LAZER:<\/strong><\/p>\n\n\n\n<p><strong>EMEI Adriana Spall Wingert<\/strong><\/p>\n\n\n\n<p>&#8211; Integra\u00e7\u00e3o com a Semana do Brincar: incentivando as fam\u00edlias a confec\u00e7\u00e3o de brinquedos com materiais recicl\u00e1veis;<\/p>\n\n\n\n<p>&#8211; 5\/6, 9h30: roda de conversa e exposi\u00e7\u00e3o de fotos de animais da regi\u00e3o;<\/p>\n\n\n\n<p>&#8211; Campanha de arrecada\u00e7\u00e3o das tampinhas, e gincana do Meio Ambiente;<\/p>\n\n\n\n<p>&#8211; Confec\u00e7\u00e3o de mandalas com elementos da natureza.<\/p>\n\n\n\n<p><strong>EMEI Alice Wortmann<\/strong><\/p>\n\n\n\n<p>&#8211; Participa\u00e7\u00e3o no programa Tampinha Legal;<\/p>\n\n\n\n<p>&#8211; Realiza\u00e7\u00e3o de compostagem dos res\u00edduos org\u00e2nicos da escola;<\/p>\n\n\n\n<p>&#8211; Constru\u00e7\u00e3o de horta com mudas fornecidas pelas fam\u00edlias;<\/p>\n\n\n\n<p>&#8211; Constru\u00e7\u00e3o de brinquedos com materiais recicl\u00e1veis;<\/p>\n\n\n\n<p>&#8211; Projeto permanente realizado nas Escolas de Educa\u00e7\u00e3o Infantil voltado ao Meio Ambiente.<\/p>\n\n\n\n<p><strong>EMEIEF Baldu\u00edno Boelter<\/strong><\/p>\n\n\n\n<p>&#8211; Planta\u00e7\u00e3o de \u00e1rvores frut\u00edferas\/ mudas de hort\u00eansia;<\/p>\n\n\n\n<p>&#8211; Confec\u00e7\u00e3o de brinquedos com materiais recicl\u00e1veis;<\/p>\n\n\n\n<p>&#8211; Maquetes sobre escassez e preserva\u00e7\u00e3o da arauc\u00e1ria;<\/p>\n\n\n\n<p>&#8211; Gincana dos 30 anos da coleta seletiva em Canela;<\/p>\n\n\n\n<p>&#8211; Apresenta\u00e7\u00f5es de trabalhos sobre diversos temas envolvendo Meio Ambiente;<\/p>\n\n\n\n<p>&#8211; Jornal do Meio Ambiente;<\/p>\n\n\n\n<p>&#8211; Aulas did\u00e1ticas e discuss\u00f5es tem\u00e1ticas.<\/p>\n\n\n\n<p>&#8211; Atividades em aula sobre: fauna, reciclagem, sustentabilidade, polui\u00e7\u00e3o, ar e \u00e1gua;<\/p>\n\n\n\n<p>&#8211; Mutir\u00e3o de limpeza no pr\u00e9dio, p\u00e1tio e entorno da Escola;<\/p>\n\n\n\n<p>&#8211; Explora\u00e7\u00e3o da natureza;<\/p>\n\n\n\n<p>&#8211; Artesanato com materiais recicl\u00e1veis;<\/p>\n\n\n\n<p>&#8211; Sess\u00e3o Cinema \u2013 document\u00e1rios e filmes que mostram as mudan\u00e7as clim\u00e1ticas e os impactos ambientais.<\/p>\n\n\n\n<p>&#8211; Cria\u00e7\u00e3o de murais com fotos e informa\u00e7\u00f5es sobre a import\u00e2ncia da preserva\u00e7\u00e3o.<\/p>\n\n\n\n<p><strong>EMEIEF Bar\u00e3o do Rio Branco<\/strong><\/p>\n\n\n\n<p>&#8211; Mostra de fotos, mostra de roupas recicladas e de cartazes;<\/p>\n\n\n\n<p>&#8211; Limpeza do p\u00e1tio;<\/p>\n\n\n\n<p>&#8211; Coleta do pinh\u00e3o;<\/p>\n\n\n\n<p>&#8211; Gincana 30 anos da coleta seletiva;<\/p>\n\n\n\n<p>&#8211; Atividades ambientais com a empresa Bicho do Mato.<\/p>\n\n\n\n<p><strong>EMEIEF Bertholdo Oppitz<\/strong><\/p>\n\n\n\n<p>&#8211; Gincana 30 anos da coleta seletiva;<\/p>\n\n\n\n<p>&#8211; Oficina de papel reciclado para confeccionar folder sobre a coleta seletiva e divulgar no bairro;<\/p>\n\n\n\n<p>&#8211; Oficina de teatro sobre a tem\u00e1tica da conscientiza\u00e7\u00e3o ambiental;<\/p>\n\n\n\n<p>&#8211; Confec\u00e7\u00e3o de sacola ecol\u00f3gica para carros e ped\u00e1gio ecol\u00f3gico;<\/p>\n\n\n\n<p><strong>EMEIEF C\u00f4nego Jo\u00e3o Marchesi<\/strong><\/p>\n\n\n\n<p>&#8211; RPPN Bosque de Canela na Escola: das 14h \u00e0s 16h, 2\/6: 2\u00ba e 3\u00ba anos, 3\/ 6: 4\u00ba ano,<\/p>\n\n\n\n<p>4\/6: 1\u00ba ano A e 1\u00ba ano B;<\/p>\n\n\n\n<p>&#8211; Hora do Conto com Gr\u00eamio Estudantil: hist\u00f3ria \u201cO Mundinho\u201d;<\/p>\n\n\n\n<p>&#8211; Mutir\u00e3o de limpeza na escola;<\/p>\n\n\n\n<p>&#8211; 4\/6: Palestra com Cristiano Hickel, com o tema: A import\u00e2ncia da horta escolar e jardins comunit\u00e1rios para o Meio Ambiente para o 8\u00ba e 9\u00ba anos.<\/p>\n\n\n\n<p>&#8211; 5\/6: Ped\u00e1gio ecol\u00f3gico \u00e0s 14h em frente ao Mercado Tiririca no bairro Ulisses de Abreu;<\/p>\n\n\n\n<p>&#8211; Gincana em comemora\u00e7\u00e3o aos 30 anos da Coleta Seletiva em Canela;<\/p>\n\n\n\n<p>&#8211; Atividades referentes ao tema de 1\u00ba ao 9\u00ba ano &#8211; conversa\u00e7\u00f5es, debates e produ\u00e7\u00f5es variadas.<\/p>\n\n\n\n<p><strong>EMEIEF Dante Bertoluci<\/strong><\/p>\n\n\n\n<p>&#8211; III Feira Multidisciplinar da Dante: 4 e 5 de junho, das 8h30 \u00e0s 11h, no gin\u00e1sio da escola.<\/p>\n\n\n\n<p>&#8211; V\u00eddeos feitos pelos alunos no Youtube;<\/p>\n\n\n\n<p>&#8211; Mural com material recliclado;<\/p>\n\n\n\n<p>&#8211; Par\u00f3dias (feitas pelos alunos).<\/p>\n\n\n\n<p>&#8211; Entrevistas (fotos e v\u00eddeos feita pelos alunos).<\/p>\n\n\n\n<p>&#8211; Palestras (Secretaria do Meio Ambiente, COMDEMA e Pol\u00edcia Ambiental de Canela-PATRAM).<\/p>\n\n\n\n<p>&#8211; Gincana (diversidade de atividades f\u00edsicas);<\/p>\n\n\n\n<p>Palestras:<\/p>\n\n\n\n<p>2\/6, 08h: Secret\u00e1rio-adjunto do Meio Ambiente Esthalin Moreira (gin\u00e1sio), 10h: Professora Laci -COMDEMA (sal\u00e3o), 3\/6, 8h: Adriana, da cooperativa COOCAMARH, 10h: PATRAM (gin\u00e1sio).<\/p>\n\n\n\n<p><strong>EMEI Diva Pedroso da Cunha<\/strong><\/p>\n\n\n\n<p>&#8211; Ped\u00e1gio com entrega de mudas e informativos sobre reciclagem e separa\u00e7\u00e3o consciente de res\u00edduos;<\/p>\n\n\n\n<p>&#8211; Caminhada pelas ruas com coleta de res\u00edduos, aberto \u00e0 participa\u00e7\u00e3o dos pais;<\/p>\n\n\n\n<p>&#8211; Plantio de mudas de \u00e1rvores nativas e horta;<\/p>\n\n\n\n<p>&#8211; Gincana 30 anos da coleta seletiva;<\/p>\n\n\n\n<p>&#8211; Brinquedos com materiais reciclados e oficina de pap\u00e9is sementes;<\/p>\n\n\n\n<p>&#8211; Cuidado com a \u00e1gua, separa\u00e7\u00e3o do lixo, hist\u00f3rias e rodas de conversa;<\/p>\n\n\n\n<p>&#8211; Explora\u00e7\u00e3o sensorial da natureza;<\/p>\n\n\n\n<p>&#8211; Calend\u00e1rio ecol\u00f3gico;<\/p>\n\n\n\n<p>&#8211; Experimentos com energia solar;<\/p>\n\n\n\n<p>&#8211; Desenvolver a consci\u00eancia ecol\u00f3gica e atitudes respons\u00e1veis.<\/p>\n\n\n\n<p><strong>EMEI Eva Alzira Batista Nunes Bianchi<\/strong><\/p>\n\n\n\n<p>&#8211; Hora do conto com intera\u00e7\u00e3o com os pais;<\/p>\n\n\n\n<p>&#8211; Participa\u00e7\u00e3o das fam\u00edlias na confec\u00e7\u00e3o de brinquedos com material reciclado e exposi\u00e7\u00e3o;<\/p>\n\n\n\n<p>&#8211; Proposta coletiva com o Rotary: plantio de \u00e1rvores no p\u00e1tio da escola;<\/p>\n\n\n\n<p>&#8211; Compostagem com Laci Gross.<\/p>\n\n\n\n<p><strong>EMEIEF Jo\u00e3o Alfredo Corr\u00eaa Pinto<\/strong><\/p>\n\n\n\n<p>&#8211; Gincana 30 anos da coleta seletiva;<\/p>\n\n\n\n<p>&#8211; Confec\u00e7\u00e3o de ecobags com tecido reutilizado;<\/p>\n\n\n\n<p>&#8211; Atividade de conscientiza\u00e7\u00e3o pela limpeza e separa\u00e7\u00e3o do lixo na escola;<\/p>\n\n\n\n<p>&#8211; Coleta de lixo em torno da escola, elabora\u00e7\u00e3o de cartazes com os resultados da coleta e conversa.<\/p>\n\n\n\n<p><strong>EMEIEFI Noeli Silva de Azevedo e Souza<\/strong><\/p>\n\n\n\n<p>&#8211; 3\/6, 10h: Confec\u00e7\u00e3o de mosaico sustent\u00e1vel com tampinhas PET;<\/p>\n\n\n\n<p>&#8211; 4\/06, 10h: Caminhada de conscientiza\u00e7\u00e3o;<\/p>\n\n\n\n<p>&#8211; 5\/06, 13h: hora do conto &#8220;Azul e lindo: planeta terra, nossa casa&#8221;;<\/p>\n\n\n\n<p>&#8211; 6\/06, 10h: Oficina de brinquedos recicl\u00e1veis;<\/p>\n\n\n\n<p>&#8211; 19\/05 a 17\/06: Gincana 30 anos da coleta seletiva.<\/p>\n\n\n\n<p><strong>EMEIEFE Rodolfo Schlieper<\/strong><\/p>\n\n\n\n<p>&#8211; Sequ\u00eancias did\u00e1ticas e produ\u00e7\u00f5es Textuais, atividades de Artes e Express\u00e3o Criativa;<\/p>\n\n\n\n<p>&#8211; Atividades Pr\u00e1ticas e Interativas (plantio de temperos e ch\u00e1s &#8211; projeto Cuca Verde, germina\u00e7\u00e3o de sementes, constru\u00e7\u00e3o de maquetes, feira de jogos desplugados, com brinquedos e jogos sustent\u00e1veis constru\u00eddos nas aulas de inform\u00e1tica educativa, moldura com sementes e atividades de matem\u00e1tica integradas.);<\/p>\n\n\n\n<p>&#8211; Exibi\u00e7\u00e3o de v\u00eddeos e document\u00e1rios educativos sobre meio ambiente;<\/p>\n\n\n\n<p>&#8211; Atividades Colaborativas e Coletivas;<\/p>\n\n\n\n<p>&#8211; Palestras e rodas de conversa com grupo de profissionais da Secretaria Municipal de Educa\u00e7\u00e3o e Secretaria Municipal de Meio Ambiente, palestra com bi\u00f3loga sobre Impactos Ambientais das constru\u00e7\u00f5es n\u00e3o planejadas;<\/p>\n\n\n\n<p>&#8211; Gincana 30 anos da coleta seletiva.<\/p>\n\n\n\n<p><strong>EMEIEF Santa Terezinha<\/strong><\/p>\n\n\n\n<p>&#8211; Cria\u00e7\u00e3o de caixas com cores da reciclagem e seus respectivos lixos corretos;<\/p>\n\n\n\n<p>&#8211; Filmes e maquetes com recicl\u00e1veis sobre os filmes;<\/p>\n\n\n\n<p>&#8211; Desenho da mascote do Meio Ambiente;<\/p>\n\n\n\n<p>&#8211; Atividades do livro: \u201cO planeta est\u00e1 com febre\u201d, Luciana Rosa;<\/p>\n\n\n\n<p>&#8211; Atividades de conscientiza\u00e7\u00e3o pela limpeza e separa\u00e7\u00e3o do lixo na escola, identificando a decomposi\u00e7\u00e3o de cada um;<\/p>\n\n\n\n<p>&#8211; Roda de conversa com tema meio ambiente, os 3 R\u2019s e sustentabilidade;<\/p>\n\n\n\n<p>&#8211; V\u00eddeo educativo: Turma da M\u00f4nica;<\/p>\n\n\n\n<p>&#8211; Lapbook: Meio Ambiente;<\/p>\n\n\n\n<p>&#8211; Confec\u00e7\u00e3o de uma lixeira para mesa da escola, com material recicl\u00e1vel.<\/p>\n\n\n\n<p><strong>EMEIEF Santos Dumont<\/strong><\/p>\n\n\n\n<p>&#8211; Confec\u00e7\u00e3o de papel reciclado, montagem do painel e exposi\u00e7\u00e3o de materiais com os 3R\u2019s.<\/p>\n\n\n\n<p>&#8211; Apresenta\u00e7\u00e3o de como montar uma composteira e exposi\u00e7\u00e3o de fotos com as Composteira das resid\u00eancias dos alunos.<\/p>\n\n\n\n<p>&#8211; Gincana 30 anos da coleta seletiva.<\/p>\n\n\n\n<p>&#8211; Apresenta\u00e7\u00e3o dos grupos com document\u00e1rios mostrando os cuidados que devemos ter com o Meio Ambiente.<\/p>\n\n\n\n<p>&#8211; Encerramento da Gincana com apresenta\u00e7\u00e3o de uma par\u00f3dia do Meio Ambiente. Distribui\u00e7\u00e3o de mudas dos Ch\u00e1s Fitoter\u00e1picos e mudas de Frut\u00edferas.<\/p>\n\n\n\n<p><strong>EMEI Selma Port Hermann<\/strong><\/p>\n\n\n\n<p>&#8211; Integra\u00e7\u00e3o com a Semana do Brincar.<\/p>\n\n\n\n<p><strong>EMEI Serafina Seibt<\/strong><\/p>\n\n\n\n<p>&#8211; Integra\u00e7\u00e3o com a Semana do Brincar;<\/p>\n\n\n\n<p>&#8211; Atividade com os pais na produ\u00e7\u00e3o com as crian\u00e7as de um brinquedo t\u00edpico da inf\u00e2ncia utilizando materiais recicl\u00e1veis;<\/p>\n\n\n\n<p>&#8211; Gincana 30 anos da coleta seletiva em Canela.<\/p>\n\n\n\n<p>&#8211; Mosaico com tampinhas PET.<\/p>\n\n\n\n<p>&#8211; Exposi\u00e7\u00e3o de artes com obras sustent\u00e1veis.<\/p>\n\n\n\n<p>&#8211; Confec\u00e7\u00e3o e brincadeiras com barquinhos e avi\u00f5es de pap\u00e9is reaproveitados;<\/p>\n\n\n\n<p>&#8211; Retratos da natureza.<\/p>\n\n\n\n<p><strong>EMEIEF Severino Travi<\/strong><\/p>\n\n\n\n<p>&#8211; 4 e 5\/6: Exposi\u00e7\u00e3o de fotografias sobre Meio Ambiente;<\/p>\n\n\n\n<p>&#8211; 4 e 5\/6: Feira do livro (confeccionados pelos alunos);<\/p>\n\n\n\n<p>&#8211; Oficina de arte com materiais recicl\u00e1veis;<\/p>\n\n\n\n<p>&#8211; Conversa com o autor;<\/p>\n\n\n\n<p>&#8211; Oficina de meio ambiente com Prof. S\u00e9rgio Licks.<\/p>\n\n\n\n<p><strong>EMEIEF Zeferino Jos\u00e9 Lopes<\/strong><\/p>\n\n\n\n<p>&#8211; Filmes e document\u00e1rio sobre a preserva\u00e7\u00e3o da natureza;<\/p>\n\n\n\n<p>&#8211; Jogo de perguntas sobre o filme, rodas de conversas, tendo como fonte inspiradora para as demais atividades.<\/p>\n\n\n\n<p>&#8211; Leitura do livro: Nossa amiga natureza.<\/p>\n\n\n\n<p>&#8211; Roda de conversa sobre os 3R\u2019s da sustentabilidade;<\/p>\n\n\n\n<p>&#8211; Pesquisa em grupo no computador da escola: sobre a import\u00e2ncia dos 3 Rs, sustentabilidade, tabela de tempo de decomposi\u00e7\u00e3o dos materiais na natureza, roda de conversa com os grupos;<\/p>\n\n\n\n<p>&#8211; Confeccionar brinquedos com materiais recicl\u00e1veis.<\/p>\n\n\n\n<p>&#8211; Mural com o tempo de decomposi\u00e7\u00e3o dos materiais e das lixeiras com as cores correspondentes.<\/p>\n\n\n\n<p>&#8211; Pesquisas sobre as florestas e parques ambientais protegidos<\/p>\n\n\n\n<p>&#8211; Proporcionar conhecimento dos animais em extin\u00e7\u00e3o;<\/p>\n\n\n\n<p>&#8211; Roda de conversas.<\/p>\n","protected":false},"excerpt":{"rendered":"<p>Visando despertar na comunidade a conscientiza\u00e7\u00e3o pela causa ambiental, a Prefeitura de Canela, em uma parceria entre as Secretarias Municipais do Meio Ambiente e Urbanismo e de Educa\u00e7\u00e3o, Esporte e Lazer, realizar\u00e1 de 3 a 7 de junho a Semana do Meio Ambiente com uma programa\u00e7\u00e3o que inclui palestras, roda de conversa, plantio de mudas [&hellip;]<\/p>\n","protected":false},"author":3,"featured_media":6897,"comment_status":"open","ping_status":"open","sticky":false,"template":"","format":"standard","meta":{"footnotes":""},"categories":[164,48],"tags":[],"class_list":["post-6896","post","type-post","status-publish","format-standard","has-post-thumbnail","hentry","category-destaque","category-post_meio-ambiente"],"_links":{"self":[{"href":"https:\/\/canela.rs.gov.br\/sitenovo\/wp-json\/wp\/v2\/posts\/6896","targetHints":{"allow":["GET"]}}],"collection":[{"href":"https:\/\/canela.rs.gov.br\/sitenovo\/wp-json\/wp\/v2\/posts"}],"about":[{"href":"https:\/\/canela.rs.gov.br\/sitenovo\/wp-json\/wp\/v2\/types\/post"}],"author":[{"embeddable":true,"href":"https:\/\/canela.rs.gov.br\/sitenovo\/wp-json\/wp\/v2\/users\/3"}],"replies":[{"embeddable":true,"href":"https:\/\/canela.rs.gov.br\/sitenovo\/wp-json\/wp\/v2\/comments?post=6896"}],"version-history":[{"count":12,"href":"https:\/\/canela.rs.gov.br\/sitenovo\/wp-json\/wp\/v2\/posts\/6896\/revisions"}],"predecessor-version":[{"id":6949,"href":"https:\/\/canela.rs.gov.br\/sitenovo\/wp-json\/wp\/v2\/posts\/6896\/revisions\/6949"}],"wp:featuredmedia":[{"embeddable":true,"href":"https:\/\/canela.rs.gov.br\/sitenovo\/wp-json\/wp\/v2\/media\/6897"}],"wp:attachment":[{"href":"https:\/\/canela.rs.gov.br\/sitenovo\/wp-json\/wp\/v2\/media?parent=6896"}],"wp:term":[{"taxonomy":"category","embeddable":true,"href":"https:\/\/canela.rs.gov.br\/sitenovo\/wp-json\/wp\/v2\/categories?post=6896"},{"taxonomy":"post_tag","embeddable":true,"href":"https:\/\/canela.rs.gov.br\/sitenovo\/wp-json\/wp\/v2\/tags?post=6896"}],"curies":[{"name":"wp","href":"https:\/\/api.w.org\/{rel}","templated":true}]}}