{"id":6880,"date":"2025-05-27T14:44:37","date_gmt":"2025-05-27T17:44:37","guid":{"rendered":"https:\/\/canela.rs.gov.br\/sitenovo\/?p=6880"},"modified":"2025-05-27T14:44:38","modified_gmt":"2025-05-27T17:44:38","slug":"semana-do-brincar-comecou-nesta-terca-feira-nas-escolas-infantis-de-canela","status":"publish","type":"post","link":"https:\/\/canela.rs.gov.br\/sitenovo\/semana-do-brincar-comecou-nesta-terca-feira-nas-escolas-infantis-de-canela\/","title":{"rendered":"Semana do Brincar come\u00e7ou nesta ter\u00e7a-feira nas escolas infantis de Canela"},"content":{"rendered":"\n<p>Come\u00e7ou nesta ter\u00e7a-feira, dia 27 de maio, a programa\u00e7\u00e3o da Semana do Brincar nas escolas infantis de Canela. Nove escolas municipais e conveniadas proporcionam \u00e0s crian\u00e7as uma s\u00e9rie de atividades voltadas ao aprendizado por meio da brincadeira, sempre das 9h30 \u00e0s 15h. Horas do conto, rodas cantadas, cabo de guerra, teatro de fantoche, bolha de sab\u00e3o e corrida do saco s\u00e3o algumas das atividades programadas para o primeiro dia do evento.<br>Nesta quarta-feira, 28, as escolas Adriana Spall Wingert, Alice Wortmann, Cora Cunha Viana, Diva Pedroso da Cunha, Eva Alzira Batista Nunes Bianchi, Itala Reis, Selma Port Hermann, Serafina Seibt e Sylvio Hoffmann v\u00e3o oferecer mais brincadeiras como o jogo de taco, cantigas de roda, produ\u00e7\u00e3o de massa de modelar, confec\u00e7\u00e3o de brinquedos com material recicl\u00e1vel, circuitos e dan\u00e7a das cadeiras, entre outras.<br>A Semana do Brincar, em Canela, acontece nos dias 27 e 28 de maio e de 2 a 6 de junho, com organiza\u00e7\u00e3o da Secretaria de Educa\u00e7\u00e3o, Esporte e Lazer juntamente com as escolas infantis. O tema que baseia as atividades deste ano \u00e9 \u201cProteger o encantamento das inf\u00e2ncias\u201d.<\/p>\n\n\n\n<p><br> <\/p>\n\n\n\n<p><\/p>\n","protected":false},"excerpt":{"rendered":"<p>Come\u00e7ou nesta ter\u00e7a-feira, dia 27 de maio, a programa\u00e7\u00e3o da Semana do Brincar nas escolas infantis de Canela. Nove escolas municipais e conveniadas proporcionam \u00e0s crian\u00e7as uma s\u00e9rie de atividades voltadas ao aprendizado por meio da brincadeira, sempre das 9h30 \u00e0s 15h. Horas do conto, rodas cantadas, cabo de guerra, teatro de fantoche, bolha de [&hellip;]<\/p>\n","protected":false},"author":3,"featured_media":6881,"comment_status":"open","ping_status":"open","sticky":false,"template":"","format":"standard","meta":{"footnotes":""},"categories":[164,45],"tags":[],"class_list":["post-6880","post","type-post","status-publish","format-standard","has-post-thumbnail","hentry","category-destaque","category-post_educacao"],"_links":{"self":[{"href":"https:\/\/canela.rs.gov.br\/sitenovo\/wp-json\/wp\/v2\/posts\/6880","targetHints":{"allow":["GET"]}}],"collection":[{"href":"https:\/\/canela.rs.gov.br\/sitenovo\/wp-json\/wp\/v2\/posts"}],"about":[{"href":"https:\/\/canela.rs.gov.br\/sitenovo\/wp-json\/wp\/v2\/types\/post"}],"author":[{"embeddable":true,"href":"https:\/\/canela.rs.gov.br\/sitenovo\/wp-json\/wp\/v2\/users\/3"}],"replies":[{"embeddable":true,"href":"https:\/\/canela.rs.gov.br\/sitenovo\/wp-json\/wp\/v2\/comments?post=6880"}],"version-history":[{"count":1,"href":"https:\/\/canela.rs.gov.br\/sitenovo\/wp-json\/wp\/v2\/posts\/6880\/revisions"}],"predecessor-version":[{"id":6882,"href":"https:\/\/canela.rs.gov.br\/sitenovo\/wp-json\/wp\/v2\/posts\/6880\/revisions\/6882"}],"wp:featuredmedia":[{"embeddable":true,"href":"https:\/\/canela.rs.gov.br\/sitenovo\/wp-json\/wp\/v2\/media\/6881"}],"wp:attachment":[{"href":"https:\/\/canela.rs.gov.br\/sitenovo\/wp-json\/wp\/v2\/media?parent=6880"}],"wp:term":[{"taxonomy":"category","embeddable":true,"href":"https:\/\/canela.rs.gov.br\/sitenovo\/wp-json\/wp\/v2\/categories?post=6880"},{"taxonomy":"post_tag","embeddable":true,"href":"https:\/\/canela.rs.gov.br\/sitenovo\/wp-json\/wp\/v2\/tags?post=6880"}],"curies":[{"name":"wp","href":"https:\/\/api.w.org\/{rel}","templated":true}]}}