{"id":6848,"date":"2025-05-23T16:05:59","date_gmt":"2025-05-23T19:05:59","guid":{"rendered":"https:\/\/canela.rs.gov.br\/sitenovo\/?p=6848"},"modified":"2025-05-23T16:06:01","modified_gmt":"2025-05-23T19:06:01","slug":"disputa-da-modalidade-futsal-da-olimpec-e-concluida","status":"publish","type":"post","link":"https:\/\/canela.rs.gov.br\/sitenovo\/disputa-da-modalidade-futsal-da-olimpec-e-concluida\/","title":{"rendered":"Disputa da modalidade futsal da Olimpec \u00e9 conclu\u00edda"},"content":{"rendered":"\n<p>Aconteceu nesta semana, na quarta e quinta-feira, dias 21 e 22 de maio, as partidas finais da modalidade futsal da Olimp\u00edada Estudantil de Canela (Olimpec). Quatro educand\u00e1rios levaram os primeiros lugares nas categorias pr\u00e9-mirim, infantil e mirim, sendo eles: a Escola Neusa Mari Pacheco, do Canelinha; a Escola Jo\u00e3o Alfredo Corr\u00eaa Pinto, do bairro Eug\u00eanio Ferreira; a Escola Luiza Corr\u00eaa, do Centro; e o Col\u00e9gio Cidade das Hort\u00eansias (Coopec), do Centro tamb\u00e9m.<br>As disputas na Olimpec come\u00e7aram no m\u00eas de abril, com as modalidades de r\u00fastica e atletismo, seguindo com o futsal. O pr\u00f3ximo esporte a ser disputado ser\u00e1 o basquete, com partidas no m\u00eas de junho. A organiza\u00e7\u00e3o da Olimp\u00edada Estudantil \u00e9 da Secretaria de Educa\u00e7\u00e3o, Esporte e Lazer de Canela.<\/p>\n\n\n\n<p><strong>Confira a lista completa de resultados do futsal:<\/strong><\/p>\n\n\n\n<p>Pr\u00e9-mirim feminino: 1\u00ba lugar, Escola Neusa Mari Pacheco; 2\u00ba lugar, Escola Severino Travi; 3\u00ba lugar, Col\u00e9gio Marista.<\/p>\n\n\n\n<p>Pr\u00e9-mirim masculino: 1\u00ba lugar, Escola Jo\u00e3o Alfredo Corr\u00eaa Pinto; 2\u00ba lugar, Col\u00e9gio Marista; 3\u00ba lugar, Escola C\u00f4nego Jo\u00e3o Marchesi.<\/p>\n\n\n\n<p>Infantil masculino: 1\u00ba lugar, Escola Luiza Corr\u00eaa; 2\u00ba lugar, Col\u00e9gio Marista; 3\u00ba lugar, Escola Severino Travi.<\/p>\n\n\n\n<p>Mirim masculino: 1\u00ba lugar, Coopec; 2\u00ba lugar, Escola Luiza Corr\u00eaa; 3\u00ba lugar, Escola Danton Corr\u00eaa da Silva.<\/p>\n\n\n\n<p>Foto: Arthur Dias\/Prefeitura de Canela<\/p>\n","protected":false},"excerpt":{"rendered":"<p>Aconteceu nesta semana, na quarta e quinta-feira, dias 21 e 22 de maio, as partidas finais da modalidade futsal da Olimp\u00edada Estudantil de Canela (Olimpec). Quatro educand\u00e1rios levaram os primeiros lugares nas categorias pr\u00e9-mirim, infantil e mirim, sendo eles: a Escola Neusa Mari Pacheco, do Canelinha; a Escola Jo\u00e3o Alfredo Corr\u00eaa Pinto, do bairro Eug\u00eanio [&hellip;]<\/p>\n","protected":false},"author":3,"featured_media":6849,"comment_status":"open","ping_status":"open","sticky":false,"template":"","format":"standard","meta":{"footnotes":""},"categories":[45],"tags":[],"class_list":["post-6848","post","type-post","status-publish","format-standard","has-post-thumbnail","hentry","category-post_educacao"],"_links":{"self":[{"href":"https:\/\/canela.rs.gov.br\/sitenovo\/wp-json\/wp\/v2\/posts\/6848","targetHints":{"allow":["GET"]}}],"collection":[{"href":"https:\/\/canela.rs.gov.br\/sitenovo\/wp-json\/wp\/v2\/posts"}],"about":[{"href":"https:\/\/canela.rs.gov.br\/sitenovo\/wp-json\/wp\/v2\/types\/post"}],"author":[{"embeddable":true,"href":"https:\/\/canela.rs.gov.br\/sitenovo\/wp-json\/wp\/v2\/users\/3"}],"replies":[{"embeddable":true,"href":"https:\/\/canela.rs.gov.br\/sitenovo\/wp-json\/wp\/v2\/comments?post=6848"}],"version-history":[{"count":1,"href":"https:\/\/canela.rs.gov.br\/sitenovo\/wp-json\/wp\/v2\/posts\/6848\/revisions"}],"predecessor-version":[{"id":6850,"href":"https:\/\/canela.rs.gov.br\/sitenovo\/wp-json\/wp\/v2\/posts\/6848\/revisions\/6850"}],"wp:featuredmedia":[{"embeddable":true,"href":"https:\/\/canela.rs.gov.br\/sitenovo\/wp-json\/wp\/v2\/media\/6849"}],"wp:attachment":[{"href":"https:\/\/canela.rs.gov.br\/sitenovo\/wp-json\/wp\/v2\/media?parent=6848"}],"wp:term":[{"taxonomy":"category","embeddable":true,"href":"https:\/\/canela.rs.gov.br\/sitenovo\/wp-json\/wp\/v2\/categories?post=6848"},{"taxonomy":"post_tag","embeddable":true,"href":"https:\/\/canela.rs.gov.br\/sitenovo\/wp-json\/wp\/v2\/tags?post=6848"}],"curies":[{"name":"wp","href":"https:\/\/api.w.org\/{rel}","templated":true}]}}