{"id":6764,"date":"2025-05-21T17:17:01","date_gmt":"2025-05-21T20:17:01","guid":{"rendered":"https:\/\/canela.rs.gov.br\/sitenovo\/?p=6764"},"modified":"2025-05-22T09:05:04","modified_gmt":"2025-05-22T12:05:04","slug":"prefeito-e-vice-recebem-convite-das-escolas-infantis-para-a-semana-mundial-do-brincar","status":"publish","type":"post","link":"https:\/\/canela.rs.gov.br\/sitenovo\/prefeito-e-vice-recebem-convite-das-escolas-infantis-para-a-semana-mundial-do-brincar\/","title":{"rendered":"Prefeito e vice recebem convite das escolas infantis para a Semana Mundial do Brincar"},"content":{"rendered":"\n<p><br>Nos dias 27 e 28 de maio e na semana de 2 a 6 de junho, Canela ter\u00e1 uma programa\u00e7\u00e3o voltada \u00e0s crian\u00e7as das escolas municipais e de educa\u00e7\u00e3o infantil e conveniadas, tendo como proposta a Semana Mundial do Brincar, que tem como tema \u201cProteger o encantamento das inf\u00e2ncias\u201d. Nesta ter\u00e7a-feira, dia 20, o prefeito Gilberto Cezar, e o vice-prefeito Gilberto Tegner, receberam um grupo de nove pequenos estudantes da rede municipal no gabinete, na Prefeitura, que vieram fazer o convite para as atividades, sendo cada uma representante de um educand\u00e1rio.<br>Segundo o prefeito, a Semana do Brincar demonstra o quanto o munic\u00edpio est\u00e1 envolvido e trabalhando pelo bem da primeira inf\u00e2ncia em Canela. \u201cNossas crian\u00e7as v\u00e3o aprender brincando e essa \u00e9 a melhor forma disso acontecer\u201d, destaca o chefe do Executivo. Gilberto Cezar lembrou, na oportunidade, da retomada da Semana do Beb\u00ea em 2026, mais uma a\u00e7\u00e3o da administra\u00e7\u00e3o municipal focada no cuidado com as crian\u00e7as.<br>As escolas infantis municipais e conveniadas participar\u00e3o da programa\u00e7\u00e3o da Semana do Brincar, que acontecer\u00e1 sempre das 9h30 \u00e0s 15h. Cada educand\u00e1rio, por dia, ter\u00e1 uma sequ\u00eancia de atividades. A Secretaria de Educa\u00e7\u00e3o, Esporte e Lazer &#8211; juntamente aos coordenadores e professores das escolas infantis &#8211; organizaram diversos momentos para estimular a aprendizagem atrav\u00e9s da brincadeira, como horas do conto, c\u00e2ntico de can\u00e7\u00f5es antigas, brincadeiras de rua e de roda, circuito de atividades motoras, jogos com materiais recicl\u00e1veis, gincana de musicaliza\u00e7\u00e3o, entre outros. Tamb\u00e9m est\u00e1 previsto o Dia da Fantasia e a Gincana do Dia da Fam\u00edlia na Escola.<br>As coordenadoras da Educa\u00e7\u00e3o Infantil, Andrisa Caberlon, e do Desporto Escolar, Gabriela Laidens, destacaram, durante a entrega do convite ao prefeito, a import\u00e2ncia de resgatar e preservar a cultura l\u00fadica da inf\u00e2ncia, promovendo o reencontro com as brincadeiras de rua e os saberes tradicionais que marcaram gera\u00e7\u00f5es.<\/p>\n\n\n\n<p>Foto: Andr\u00e9 Fernandes\/Prefeitura de Canela<\/p>\n","protected":false},"excerpt":{"rendered":"<p>Nos dias 27 e 28 de maio e na semana de 2 a 6 de junho, Canela ter\u00e1 uma programa\u00e7\u00e3o voltada \u00e0s crian\u00e7as das escolas municipais e de educa\u00e7\u00e3o infantil e conveniadas, tendo como proposta a Semana Mundial do Brincar, que tem como tema \u201cProteger o encantamento das inf\u00e2ncias\u201d. Nesta ter\u00e7a-feira, dia 20, o prefeito [&hellip;]<\/p>\n","protected":false},"author":3,"featured_media":6765,"comment_status":"open","ping_status":"open","sticky":false,"template":"","format":"standard","meta":{"footnotes":""},"categories":[45],"tags":[],"class_list":["post-6764","post","type-post","status-publish","format-standard","has-post-thumbnail","hentry","category-post_educacao"],"_links":{"self":[{"href":"https:\/\/canela.rs.gov.br\/sitenovo\/wp-json\/wp\/v2\/posts\/6764","targetHints":{"allow":["GET"]}}],"collection":[{"href":"https:\/\/canela.rs.gov.br\/sitenovo\/wp-json\/wp\/v2\/posts"}],"about":[{"href":"https:\/\/canela.rs.gov.br\/sitenovo\/wp-json\/wp\/v2\/types\/post"}],"author":[{"embeddable":true,"href":"https:\/\/canela.rs.gov.br\/sitenovo\/wp-json\/wp\/v2\/users\/3"}],"replies":[{"embeddable":true,"href":"https:\/\/canela.rs.gov.br\/sitenovo\/wp-json\/wp\/v2\/comments?post=6764"}],"version-history":[{"count":1,"href":"https:\/\/canela.rs.gov.br\/sitenovo\/wp-json\/wp\/v2\/posts\/6764\/revisions"}],"predecessor-version":[{"id":6766,"href":"https:\/\/canela.rs.gov.br\/sitenovo\/wp-json\/wp\/v2\/posts\/6764\/revisions\/6766"}],"wp:featuredmedia":[{"embeddable":true,"href":"https:\/\/canela.rs.gov.br\/sitenovo\/wp-json\/wp\/v2\/media\/6765"}],"wp:attachment":[{"href":"https:\/\/canela.rs.gov.br\/sitenovo\/wp-json\/wp\/v2\/media?parent=6764"}],"wp:term":[{"taxonomy":"category","embeddable":true,"href":"https:\/\/canela.rs.gov.br\/sitenovo\/wp-json\/wp\/v2\/categories?post=6764"},{"taxonomy":"post_tag","embeddable":true,"href":"https:\/\/canela.rs.gov.br\/sitenovo\/wp-json\/wp\/v2\/tags?post=6764"}],"curies":[{"name":"wp","href":"https:\/\/api.w.org\/{rel}","templated":true}]}}