{"id":6751,"date":"2025-05-21T10:18:46","date_gmt":"2025-05-21T13:18:46","guid":{"rendered":"https:\/\/canela.rs.gov.br\/sitenovo\/?p=6751"},"modified":"2025-05-21T10:18:47","modified_gmt":"2025-05-21T13:18:47","slug":"professoras-da-rede-municipal-de-canela-participam-da-bienal-da-inclusao-e-diversidade","status":"publish","type":"post","link":"https:\/\/canela.rs.gov.br\/sitenovo\/professoras-da-rede-municipal-de-canela-participam-da-bienal-da-inclusao-e-diversidade\/","title":{"rendered":"Professoras da rede municipal de Canela participam da Bienal da Inclus\u00e3o e Diversidade"},"content":{"rendered":"\n<p><strong><br><\/strong>Professoras da rede municipal de ensino de Canela participaram nos dias 16 e 17 de maio, no Centro de Eventos das Faculdades Integradas de Taquara (Faccat), da 2\u00aa edi\u00e7\u00e3o da Bienal da Inclus\u00e3o e Diversidade (BID), um dos maiores eventos nacionais sobre inclus\u00e3o, diversidade e acessibilidade.<br>No evento, as educadoras tiveram oportunidade de assistir a pain\u00e9is e debates sobre temas variados, como comunica\u00e7\u00e3o, arquitetura, orienta\u00e7\u00e3o e mobilidade, esporte, literatura e cultura inclusiva, com o objetivo de buscar subs\u00eddios para qualificar o atendimento pedag\u00f3gico nessa \u00e1rea na rede p\u00fablica municipal atrav\u00e9s da observa\u00e7\u00e3o de pr\u00e1ticas inclusivas na sociedade, nas escolas, nos ambientes de trabalho e em outros espa\u00e7os de conviv\u00eancia.<br>Tamb\u00e9m ocorreram apresenta\u00e7\u00f5es art\u00edsticas que versavam sobre educa\u00e7\u00e3o inclusiva e racial, representatividade feminina, direitos das pessoas com defici\u00eancia, entre outros.<br>Al\u00e9m das professoras de Canela, participaram educadores de mais de 20 outros munic\u00edpios do Rio Grande do Sul, de Santa Catarina e de S\u00e3o Paulo, que tiveram a oportunidade de trocar experi\u00eancias durante o encontro.<br>A 2\u00aa Bienal da Inclus\u00e3o e Diversidade teve entrada gratuita, com organiza\u00e7\u00e3o da assessoria Modo Bil\u00edngue e o apoio da Secretaria da Cultura do Rio Grande do Sul.<\/p>\n","protected":false},"excerpt":{"rendered":"<p>Professoras da rede municipal de ensino de Canela participaram nos dias 16 e 17 de maio, no Centro de Eventos das Faculdades Integradas de Taquara (Faccat), da 2\u00aa edi\u00e7\u00e3o da Bienal da Inclus\u00e3o e Diversidade (BID), um dos maiores eventos nacionais sobre inclus\u00e3o, diversidade e acessibilidade.No evento, as educadoras tiveram oportunidade de assistir a pain\u00e9is [&hellip;]<\/p>\n","protected":false},"author":3,"featured_media":6752,"comment_status":"open","ping_status":"open","sticky":false,"template":"","format":"standard","meta":{"footnotes":""},"categories":[45],"tags":[],"class_list":["post-6751","post","type-post","status-publish","format-standard","has-post-thumbnail","hentry","category-post_educacao"],"_links":{"self":[{"href":"https:\/\/canela.rs.gov.br\/sitenovo\/wp-json\/wp\/v2\/posts\/6751","targetHints":{"allow":["GET"]}}],"collection":[{"href":"https:\/\/canela.rs.gov.br\/sitenovo\/wp-json\/wp\/v2\/posts"}],"about":[{"href":"https:\/\/canela.rs.gov.br\/sitenovo\/wp-json\/wp\/v2\/types\/post"}],"author":[{"embeddable":true,"href":"https:\/\/canela.rs.gov.br\/sitenovo\/wp-json\/wp\/v2\/users\/3"}],"replies":[{"embeddable":true,"href":"https:\/\/canela.rs.gov.br\/sitenovo\/wp-json\/wp\/v2\/comments?post=6751"}],"version-history":[{"count":1,"href":"https:\/\/canela.rs.gov.br\/sitenovo\/wp-json\/wp\/v2\/posts\/6751\/revisions"}],"predecessor-version":[{"id":6753,"href":"https:\/\/canela.rs.gov.br\/sitenovo\/wp-json\/wp\/v2\/posts\/6751\/revisions\/6753"}],"wp:featuredmedia":[{"embeddable":true,"href":"https:\/\/canela.rs.gov.br\/sitenovo\/wp-json\/wp\/v2\/media\/6752"}],"wp:attachment":[{"href":"https:\/\/canela.rs.gov.br\/sitenovo\/wp-json\/wp\/v2\/media?parent=6751"}],"wp:term":[{"taxonomy":"category","embeddable":true,"href":"https:\/\/canela.rs.gov.br\/sitenovo\/wp-json\/wp\/v2\/categories?post=6751"},{"taxonomy":"post_tag","embeddable":true,"href":"https:\/\/canela.rs.gov.br\/sitenovo\/wp-json\/wp\/v2\/tags?post=6751"}],"curies":[{"name":"wp","href":"https:\/\/api.w.org\/{rel}","templated":true}]}}