{"id":6694,"date":"2025-05-16T15:16:08","date_gmt":"2025-05-16T18:16:08","guid":{"rendered":"https:\/\/canela.rs.gov.br\/sitenovo\/?p=6694"},"modified":"2025-05-16T15:16:09","modified_gmt":"2025-05-16T18:16:09","slug":"alunos-das-escolas-municipais-de-canela-realizam-homenagem-em-alusao-ao-dia-do-gari","status":"publish","type":"post","link":"https:\/\/canela.rs.gov.br\/sitenovo\/alunos-das-escolas-municipais-de-canela-realizam-homenagem-em-alusao-ao-dia-do-gari\/","title":{"rendered":"Alunos das Escolas Municipais de Canela realizam homenagem em alus\u00e3o ao Dia do Gari"},"content":{"rendered":"\n<p>Em uma parceria entre as Secretarias do Meio Ambiente e Urbanismo e de Educa\u00e7\u00e3o, Esporte e Lazer de Canela, uma homenagem muito especial e merecida aconteceu nesta sexta-feira em Canela. Em alus\u00e3o ao Dia do Gari, comemorado neste dia 16 de maio, alunos das Escolas Municipais prestaram homenagens aos profissionais que s\u00e3o respons\u00e1veis pela limpeza da cidade.<\/p>\n\n\n\n<p>EMEI \u00cdTALA REIS<br>Na Escola Municipal de Educa\u00e7\u00e3o Infantil \u00cdtala Reis, no Centro, os profissionais homenageados foram recebidos com muita festa, cartazes e bal\u00f5es. Conforme a diretora da Escola, Silvana Cardoso, a equipe da cozinha da Escola preparou um bolo especial para agradecer pelo trabalho que realizam. \u201cEles cuidam da limpeza da cidade e merecem nosso carinho\u201d, disse. O gari Sidnei J\u00fanior, de 18 anos, ficou muito feliz com a homenagem. \u201c\u00c9 muito gratificante receber esse carinho das crian\u00e7as\u201d, destacou.<\/p>\n\n\n\n<p>EMEI SYLVIO HOFFMANN<br>Na Escola Municipal de Educa\u00e7\u00e3o Infantil S\u00edlvio Hoffmann, no bairro Leodoro Azevedo, as crian\u00e7as do pr\u00e9 II confeccionaram cartazes e foram para a porta da Escola receber os coletores. As crian\u00e7as tamb\u00e9m agradeceram aos profissionais pela dedica\u00e7\u00e3o nos servi\u00e7os prestados na cidade.<\/p>\n\n\n\n<p>ESCOLA JO\u00c3O C\u00d4NEGO MARCHESI<br>Na Escola Municipal de Educa\u00e7\u00e3o Fundamental Jo\u00e3o C\u00f4nego Marchesi, localizada no bairro Ulysses de Abreu, tamb\u00e9m teve homenagem para os profissionais. Conforme a dire\u00e7\u00e3o, os alunos prepararam um kit de caf\u00e9 da manh\u00e3 com muitas guloseimas e entregaram para eles, em agradecimento e reconhecimento pelo importante trabalho que desempenham.<\/p>\n\n\n\n<p><\/p>\n","protected":false},"excerpt":{"rendered":"<p>Em uma parceria entre as Secretarias do Meio Ambiente e Urbanismo e de Educa\u00e7\u00e3o, Esporte e Lazer de Canela, uma homenagem muito especial e merecida aconteceu nesta sexta-feira em Canela. Em alus\u00e3o ao Dia do Gari, comemorado neste dia 16 de maio, alunos das Escolas Municipais prestaram homenagens aos profissionais que s\u00e3o respons\u00e1veis pela limpeza [&hellip;]<\/p>\n","protected":false},"author":3,"featured_media":6695,"comment_status":"open","ping_status":"open","sticky":false,"template":"","format":"standard","meta":{"footnotes":""},"categories":[45],"tags":[],"class_list":["post-6694","post","type-post","status-publish","format-standard","has-post-thumbnail","hentry","category-post_educacao"],"_links":{"self":[{"href":"https:\/\/canela.rs.gov.br\/sitenovo\/wp-json\/wp\/v2\/posts\/6694","targetHints":{"allow":["GET"]}}],"collection":[{"href":"https:\/\/canela.rs.gov.br\/sitenovo\/wp-json\/wp\/v2\/posts"}],"about":[{"href":"https:\/\/canela.rs.gov.br\/sitenovo\/wp-json\/wp\/v2\/types\/post"}],"author":[{"embeddable":true,"href":"https:\/\/canela.rs.gov.br\/sitenovo\/wp-json\/wp\/v2\/users\/3"}],"replies":[{"embeddable":true,"href":"https:\/\/canela.rs.gov.br\/sitenovo\/wp-json\/wp\/v2\/comments?post=6694"}],"version-history":[{"count":1,"href":"https:\/\/canela.rs.gov.br\/sitenovo\/wp-json\/wp\/v2\/posts\/6694\/revisions"}],"predecessor-version":[{"id":6696,"href":"https:\/\/canela.rs.gov.br\/sitenovo\/wp-json\/wp\/v2\/posts\/6694\/revisions\/6696"}],"wp:featuredmedia":[{"embeddable":true,"href":"https:\/\/canela.rs.gov.br\/sitenovo\/wp-json\/wp\/v2\/media\/6695"}],"wp:attachment":[{"href":"https:\/\/canela.rs.gov.br\/sitenovo\/wp-json\/wp\/v2\/media?parent=6694"}],"wp:term":[{"taxonomy":"category","embeddable":true,"href":"https:\/\/canela.rs.gov.br\/sitenovo\/wp-json\/wp\/v2\/categories?post=6694"},{"taxonomy":"post_tag","embeddable":true,"href":"https:\/\/canela.rs.gov.br\/sitenovo\/wp-json\/wp\/v2\/tags?post=6694"}],"curies":[{"name":"wp","href":"https:\/\/api.w.org\/{rel}","templated":true}]}}