{"id":6583,"date":"2025-05-12T17:22:09","date_gmt":"2025-05-12T20:22:09","guid":{"rendered":"https:\/\/canela.rs.gov.br\/sitenovo\/?p=6583"},"modified":"2025-05-12T17:22:10","modified_gmt":"2025-05-12T20:22:10","slug":"comeca-a-avaliacao-das-metas-do-plano-municipal-de-educacao-de-canela-2014-2024","status":"publish","type":"post","link":"https:\/\/canela.rs.gov.br\/sitenovo\/comeca-a-avaliacao-das-metas-do-plano-municipal-de-educacao-de-canela-2014-2024\/","title":{"rendered":"Come\u00e7a a avalia\u00e7\u00e3o das metas do Plano Municipal de Educa\u00e7\u00e3o de Canela 2014\/2024"},"content":{"rendered":"\n<p><strong><br><\/strong>A Prefeitura de Canela, por meio da Secretaria de Educa\u00e7\u00e3o, Esporte e Lazer, em conjunto ao Conselho Municipal de Educa\u00e7\u00e3o, iniciou a discuss\u00e3o das metas do Plano Municipal de Educa\u00e7\u00e3o do per\u00edodo 2014\/2024, que ser\u00e1 conclu\u00eddo neste ano. O primeiro encontro aconteceu no final de abril, para debater os objetivos do Plano &#8211; de 2 a 9 &#8211; que tratam do ensino fundamental, educa\u00e7\u00e3o integral e de jovens e adultos (EJA). A segunda reuni\u00e3o est\u00e1 marcada para quarta-feira, dia 14 de maio, na Secretaria de Educa\u00e7\u00e3o, a partir das 8 horas, e abordar\u00e1 o desenvolvimento da Educa\u00e7\u00e3o Infantil.<br>De acordo com a titular da Educa\u00e7\u00e3o em Canela, professora Maria Gorete Rodrigues da Silva, o processo de avalia\u00e7\u00e3o do plano anterior \u00e9 importante para fornecer subs\u00eddios para a constru\u00e7\u00e3o do Plano Municipal de Educa\u00e7\u00e3o do pr\u00f3ximo per\u00edodo de dez anos, 2024\/2034, e que tamb\u00e9m precisa seguir as diretrizes do Plano Nacional de Educa\u00e7\u00e3o, pois \u00e9 um trabalho feito em sequ\u00eancia. \u201cO planejamento das a\u00e7\u00f5es para o pr\u00f3ximo dec\u00eanio, com metas e estrat\u00e9gias bem definidas, ser\u00e1 crucial para orientar as pol\u00edticas educacionais e garantir um desenvolvimento cont\u00ednuo da educa\u00e7\u00e3o de Canela\u201d, destaca a secret\u00e1ria.<br>Na primeira reuni\u00e3o de avalia\u00e7\u00e3o participaram representantes das escolas municipais, estaduais e privadas, al\u00e9m de profissionais que atuam com a busca ativa e tamb\u00e9m pais e respons\u00e1veis por alunos. Para os pr\u00f3ximos encontros tamb\u00e9m se espera a presen\u00e7a do Sindicato dos Servidores Municipais, de representantes do setor de Recursos Humanos do Munic\u00edpio, e de institui\u00e7\u00f5es de Ensino Superior. O objetivo \u00e9 que a comunidade, assim como os poderes Executivo e Legislativo, participem dessa an\u00e1lise e que tamb\u00e9m possam contribuir na elabora\u00e7\u00e3o do Plano Municipal de Educa\u00e7\u00e3o 2026\/2036.<\/p>\n","protected":false},"excerpt":{"rendered":"<p>A Prefeitura de Canela, por meio da Secretaria de Educa\u00e7\u00e3o, Esporte e Lazer, em conjunto ao Conselho Municipal de Educa\u00e7\u00e3o, iniciou a discuss\u00e3o das metas do Plano Municipal de Educa\u00e7\u00e3o do per\u00edodo 2014\/2024, que ser\u00e1 conclu\u00eddo neste ano. O primeiro encontro aconteceu no final de abril, para debater os objetivos do Plano &#8211; de 2 [&hellip;]<\/p>\n","protected":false},"author":3,"featured_media":6584,"comment_status":"open","ping_status":"open","sticky":false,"template":"","format":"standard","meta":{"footnotes":""},"categories":[45],"tags":[],"class_list":["post-6583","post","type-post","status-publish","format-standard","has-post-thumbnail","hentry","category-post_educacao"],"_links":{"self":[{"href":"https:\/\/canela.rs.gov.br\/sitenovo\/wp-json\/wp\/v2\/posts\/6583","targetHints":{"allow":["GET"]}}],"collection":[{"href":"https:\/\/canela.rs.gov.br\/sitenovo\/wp-json\/wp\/v2\/posts"}],"about":[{"href":"https:\/\/canela.rs.gov.br\/sitenovo\/wp-json\/wp\/v2\/types\/post"}],"author":[{"embeddable":true,"href":"https:\/\/canela.rs.gov.br\/sitenovo\/wp-json\/wp\/v2\/users\/3"}],"replies":[{"embeddable":true,"href":"https:\/\/canela.rs.gov.br\/sitenovo\/wp-json\/wp\/v2\/comments?post=6583"}],"version-history":[{"count":1,"href":"https:\/\/canela.rs.gov.br\/sitenovo\/wp-json\/wp\/v2\/posts\/6583\/revisions"}],"predecessor-version":[{"id":6585,"href":"https:\/\/canela.rs.gov.br\/sitenovo\/wp-json\/wp\/v2\/posts\/6583\/revisions\/6585"}],"wp:featuredmedia":[{"embeddable":true,"href":"https:\/\/canela.rs.gov.br\/sitenovo\/wp-json\/wp\/v2\/media\/6584"}],"wp:attachment":[{"href":"https:\/\/canela.rs.gov.br\/sitenovo\/wp-json\/wp\/v2\/media?parent=6583"}],"wp:term":[{"taxonomy":"category","embeddable":true,"href":"https:\/\/canela.rs.gov.br\/sitenovo\/wp-json\/wp\/v2\/categories?post=6583"},{"taxonomy":"post_tag","embeddable":true,"href":"https:\/\/canela.rs.gov.br\/sitenovo\/wp-json\/wp\/v2\/tags?post=6583"}],"curies":[{"name":"wp","href":"https:\/\/api.w.org\/{rel}","templated":true}]}}