{"id":6208,"date":"2025-05-06T18:45:22","date_gmt":"2025-05-06T21:45:22","guid":{"rendered":"https:\/\/canela.rs.gov.br\/sitenovo\/?p=6208"},"modified":"2025-05-06T18:45:57","modified_gmt":"2025-05-06T21:45:57","slug":"obras-da-praca-do-bairro-boeira-estao-em-fase-de-conclusao","status":"publish","type":"post","link":"https:\/\/canela.rs.gov.br\/sitenovo\/obras-da-praca-do-bairro-boeira-estao-em-fase-de-conclusao\/","title":{"rendered":"Obras da pra\u00e7a do Bairro Boeira est\u00e3o em fase de conclus\u00e3o"},"content":{"rendered":"\n<p><strong><br><\/strong><br>Ainda no primeiro semestre de 2025 a comunidade do bairro Boeira, em Canela, poder\u00e1 contar com uma pra\u00e7a totalmente revitalizada, para que as fam\u00edlias da localidade \u2013 e aos arredores \u2013 possam usufruir. As obras da Pra\u00e7a Ildo Meneghetti iniciaram no final de janeiro deste ano, ap\u00f3s o prefeito Gilberto Cezar assinar a ordem de servi\u00e7o com a empresa Alpen Haus Constru\u00e7\u00f5es Ltda, vencedora do processo licitat\u00f3rio conclu\u00eddo no final do ano passado. A obra est\u00e1 em fase final, com mais de 80% das etapas do cronograma cumpridas.<br>A nova pra\u00e7a no Bairro Boeira se tratava de uma demanda antiga da comunidade, que foi atendida pela administra\u00e7\u00e3o municipal com o uso de um recurso encaminhado pelo deputado estadual Lucas Redecker, que alcan\u00e7a R$ 350 mil. Para completar o total necess\u00e1rio para o projeto, o Munic\u00edpio de Canela contou, ainda, com um recurso livre de R$ 93 mil, totalizando investimento de R$ 443 mil no novo espa\u00e7o.<\/p>\n\n\n\n<p><strong>O que est\u00e1 previsto para a pra\u00e7a<\/strong><br>A Pra\u00e7a Ildo Meneghetti fica localizada no entroncamento das avenidas Marechal Castelo Branco e Marechal Costa e Silva, em um terreno em formato triangular, possibilitando a organiza\u00e7\u00e3o de um layout que contemplasse quadra de areia, espa\u00e7o para brinquedos, sanit\u00e1rios, um pergolado para sombra e mobili\u00e1rios como bancos e lixeiras.<br>De acordo com o arquiteto do Departamento de Planejamento da Prefeitura de Canela, Jo\u00e3o Francisco Bazac\u00e1s Corr\u00eaa, a obra est\u00e1 em pleno andamento, com etapas j\u00e1 conclu\u00eddas. Os sanit\u00e1rios e a instala\u00e7\u00e3o do piso em basalto est\u00e3o em finaliza\u00e7\u00e3o e o pergolado colocado pr\u00f3ximo aos brinquedos est\u00e1 terminado. A quadra de areia j\u00e1 recebeu material. A previs\u00e3o \u00e9 de que a constru\u00e7\u00e3o seja conclu\u00edda ainda neste primeiro semestre, sendo entregue aos moradores em seguida.<\/p>\n\n\n\n<p><\/p>\n","protected":false},"excerpt":{"rendered":"<p>Ainda no primeiro semestre de 2025 a comunidade do bairro Boeira, em Canela, poder\u00e1 contar com uma pra\u00e7a totalmente revitalizada, para que as fam\u00edlias da localidade \u2013 e aos arredores \u2013 possam usufruir. As obras da Pra\u00e7a Ildo Meneghetti iniciaram no final de janeiro deste ano, ap\u00f3s o prefeito Gilberto Cezar assinar a ordem de [&hellip;]<\/p>\n","protected":false},"author":3,"featured_media":6209,"comment_status":"open","ping_status":"open","sticky":false,"template":"","format":"standard","meta":{"footnotes":""},"categories":[53],"tags":[],"class_list":["post-6208","post","type-post","status-publish","format-standard","has-post-thumbnail","hentry","category-post_obras"],"_links":{"self":[{"href":"https:\/\/canela.rs.gov.br\/sitenovo\/wp-json\/wp\/v2\/posts\/6208","targetHints":{"allow":["GET"]}}],"collection":[{"href":"https:\/\/canela.rs.gov.br\/sitenovo\/wp-json\/wp\/v2\/posts"}],"about":[{"href":"https:\/\/canela.rs.gov.br\/sitenovo\/wp-json\/wp\/v2\/types\/post"}],"author":[{"embeddable":true,"href":"https:\/\/canela.rs.gov.br\/sitenovo\/wp-json\/wp\/v2\/users\/3"}],"replies":[{"embeddable":true,"href":"https:\/\/canela.rs.gov.br\/sitenovo\/wp-json\/wp\/v2\/comments?post=6208"}],"version-history":[{"count":1,"href":"https:\/\/canela.rs.gov.br\/sitenovo\/wp-json\/wp\/v2\/posts\/6208\/revisions"}],"predecessor-version":[{"id":6210,"href":"https:\/\/canela.rs.gov.br\/sitenovo\/wp-json\/wp\/v2\/posts\/6208\/revisions\/6210"}],"wp:featuredmedia":[{"embeddable":true,"href":"https:\/\/canela.rs.gov.br\/sitenovo\/wp-json\/wp\/v2\/media\/6209"}],"wp:attachment":[{"href":"https:\/\/canela.rs.gov.br\/sitenovo\/wp-json\/wp\/v2\/media?parent=6208"}],"wp:term":[{"taxonomy":"category","embeddable":true,"href":"https:\/\/canela.rs.gov.br\/sitenovo\/wp-json\/wp\/v2\/categories?post=6208"},{"taxonomy":"post_tag","embeddable":true,"href":"https:\/\/canela.rs.gov.br\/sitenovo\/wp-json\/wp\/v2\/tags?post=6208"}],"curies":[{"name":"wp","href":"https:\/\/api.w.org\/{rel}","templated":true}]}}