{"id":6195,"date":"2025-05-06T11:04:09","date_gmt":"2025-05-06T14:04:09","guid":{"rendered":"https:\/\/canela.rs.gov.br\/sitenovo\/?p=6195"},"modified":"2025-05-06T11:04:10","modified_gmt":"2025-05-06T14:04:10","slug":"alunos-da-escola-conego-joao-marchesi-visitaram-exposicao-no-canela-light-fest","status":"publish","type":"post","link":"https:\/\/canela.rs.gov.br\/sitenovo\/alunos-da-escola-conego-joao-marchesi-visitaram-exposicao-no-canela-light-fest\/","title":{"rendered":"Alunos da Escola C\u00f4nego Jo\u00e3o Marchesi visitaram exposi\u00e7\u00e3o no Canela Light Fest"},"content":{"rendered":"\n<p><br>O Canela Light Fest tamb\u00e9m serviu como sala de aula para alunos do 9\u00ba ano do ensino fundamental da Escola C\u00f4nego Jo\u00e3o Marchesi, na semana passada. Os estudantes visitaram os espa\u00e7os do evento e conheceram a exposi\u00e7\u00e3o \u201cEnsaios para o fim\u201d, do artista Andr\u00e9 Severo, no Teatro Municipal.<br>A vice-diretora da escola, Elizane Leite de Macedo, contou que o artista recebeu os estudantes de forma acolhedora e explicou sobre a cria\u00e7\u00e3o da obra, trazendo temas do passado para serem discutidos no presente. \u201cEle destacou pontos importantes, como ter tempo para fazer o que gostamos, ter dedica\u00e7\u00e3o, medo, determina\u00e7\u00e3o\u201d, disse.<br>A professora da turma, Gabriela Satange, completou a fala da vice-diretora e afirmou que os alunos tiveram a oportunidade de conhecer o espa\u00e7o do teatro, observar uma mostra cultural contempor\u00e2nea e, principalmente, conversar com o artista. \u201cO conte\u00fado da exposi\u00e7\u00e3o dialoga diretamente com temas recentemente estudados nas aulas de geografia, o que contribuiu para uma amplia\u00e7\u00e3o do olhar cr\u00edtico e sens\u00edvel dos estudantes\u201d, completou a educadora.<br>As estudantes Laura Berti e Ana Fl\u00e1via da Silva relataram que a exposi\u00e7\u00e3o ofereceu uma experi\u00eancia inspiradora e que a forma como foi apresentada conseguiu fazer a turma se conectar com a realidade e entender como a sociedade funcionava antigamente. \u201cTudo isso me fez sair de l\u00e1 de um jeito diferente, com uma nova vis\u00e3o de algumas coisas do mundo\u201d, afirmou a estudante Ana.<br>O Canela Light Fest teve a primeira edi\u00e7\u00e3o no pa\u00eds na semana passada, entre os dias 1\u00ba e 4 de maio, com inspira\u00e7\u00e3o em grandes festivais mundiais como o de Lyon, na Fran\u00e7a. A forma como as exposi\u00e7\u00f5es e interven\u00e7\u00f5es foram montadas trouxe uma nova perspectiva para a ocupa\u00e7\u00e3o do espa\u00e7o urbano, iluminando o Centro e a Catedral de Pedra com instala\u00e7\u00f5es luminosas, proje\u00e7\u00f5es mapeadas e experi\u00eancias imersivas. O p\u00fablico foi convidado a interagir com as obras, o que gerou encantamento visual e reflex\u00f5es sobre a arte no cotidiano.<\/p>\n","protected":false},"excerpt":{"rendered":"<p>O Canela Light Fest tamb\u00e9m serviu como sala de aula para alunos do 9\u00ba ano do ensino fundamental da Escola C\u00f4nego Jo\u00e3o Marchesi, na semana passada. Os estudantes visitaram os espa\u00e7os do evento e conheceram a exposi\u00e7\u00e3o \u201cEnsaios para o fim\u201d, do artista Andr\u00e9 Severo, no Teatro Municipal.A vice-diretora da escola, Elizane Leite de Macedo, [&hellip;]<\/p>\n","protected":false},"author":3,"featured_media":6196,"comment_status":"open","ping_status":"open","sticky":false,"template":"","format":"standard","meta":{"footnotes":""},"categories":[45],"tags":[],"class_list":["post-6195","post","type-post","status-publish","format-standard","has-post-thumbnail","hentry","category-post_educacao"],"_links":{"self":[{"href":"https:\/\/canela.rs.gov.br\/sitenovo\/wp-json\/wp\/v2\/posts\/6195","targetHints":{"allow":["GET"]}}],"collection":[{"href":"https:\/\/canela.rs.gov.br\/sitenovo\/wp-json\/wp\/v2\/posts"}],"about":[{"href":"https:\/\/canela.rs.gov.br\/sitenovo\/wp-json\/wp\/v2\/types\/post"}],"author":[{"embeddable":true,"href":"https:\/\/canela.rs.gov.br\/sitenovo\/wp-json\/wp\/v2\/users\/3"}],"replies":[{"embeddable":true,"href":"https:\/\/canela.rs.gov.br\/sitenovo\/wp-json\/wp\/v2\/comments?post=6195"}],"version-history":[{"count":1,"href":"https:\/\/canela.rs.gov.br\/sitenovo\/wp-json\/wp\/v2\/posts\/6195\/revisions"}],"predecessor-version":[{"id":6197,"href":"https:\/\/canela.rs.gov.br\/sitenovo\/wp-json\/wp\/v2\/posts\/6195\/revisions\/6197"}],"wp:featuredmedia":[{"embeddable":true,"href":"https:\/\/canela.rs.gov.br\/sitenovo\/wp-json\/wp\/v2\/media\/6196"}],"wp:attachment":[{"href":"https:\/\/canela.rs.gov.br\/sitenovo\/wp-json\/wp\/v2\/media?parent=6195"}],"wp:term":[{"taxonomy":"category","embeddable":true,"href":"https:\/\/canela.rs.gov.br\/sitenovo\/wp-json\/wp\/v2\/categories?post=6195"},{"taxonomy":"post_tag","embeddable":true,"href":"https:\/\/canela.rs.gov.br\/sitenovo\/wp-json\/wp\/v2\/tags?post=6195"}],"curies":[{"name":"wp","href":"https:\/\/api.w.org\/{rel}","templated":true}]}}