{"id":6044,"date":"2025-04-30T15:00:42","date_gmt":"2025-04-30T18:00:42","guid":{"rendered":"https:\/\/canela.rs.gov.br\/sitenovo\/?p=6044"},"modified":"2025-04-30T15:00:44","modified_gmt":"2025-04-30T18:00:44","slug":"semana-da-32a-olimpec-foi-de-disputas-femininas-no-futsal","status":"publish","type":"post","link":"https:\/\/canela.rs.gov.br\/sitenovo\/semana-da-32a-olimpec-foi-de-disputas-femininas-no-futsal\/","title":{"rendered":"Semana da 32\u00aa Olimpec foi de disputas femininas no futsal"},"content":{"rendered":"\n<p><br>A ter\u00e7a-feira, dia 29, foi de disputas femininas na modalidade futsal da 32\u00aa Olimp\u00edada Estudantil de Canela (Olimpec). Na categoria mirim, a equipe da Escola Estadual Neusa Mari Pacheco levou o primeiro lugar, enquanto no infantil a primeira posi\u00e7\u00e3o foi do Col\u00e9gio Marista.<br>A 32\u00aa Olimpec come\u00e7ou no dia 15 de abril com a r\u00fastica e seguiu com a disputa das provas de atletismo. A organiza\u00e7\u00e3o do evento \u00e9 da Secretaria de Educa\u00e7\u00e3o, Esporte e Lazer de Canela, com coordena\u00e7\u00e3o sob a responsabilidade da professora Gabriela Laidens juntamente com os professores de educa\u00e7\u00e3o f\u00edsica das escolas.<\/p>\n\n\n\n<p><strong>Confira os resultados:<\/strong><\/p>\n\n\n\n<p>Mirim Feminino: 1\u00ba lugar, da Escola Estadual Neusa Mari Pacheco; 2\u00ba lugar, Escola Jo\u00e3o Alfredo Corr\u00eaa Pinto; e 3\u00ba lugar, da Escola Estadual Luiza Corr\u00eaa.<\/p>\n\n\n\n<p>Infantil Feminino: 1\u00ba lugar, do Col\u00e9gio Marista; 2\u00ba lugar, da Escola Municipal Dante Bertolucci; e 3\u00ba lugar, da Escola Estadual Adolfo Seibt.<\/p>\n\n\n\n<p><\/p>\n","protected":false},"excerpt":{"rendered":"<p>A ter\u00e7a-feira, dia 29, foi de disputas femininas na modalidade futsal da 32\u00aa Olimp\u00edada Estudantil de Canela (Olimpec). Na categoria mirim, a equipe da Escola Estadual Neusa Mari Pacheco levou o primeiro lugar, enquanto no infantil a primeira posi\u00e7\u00e3o foi do Col\u00e9gio Marista.A 32\u00aa Olimpec come\u00e7ou no dia 15 de abril com a r\u00fastica e [&hellip;]<\/p>\n","protected":false},"author":3,"featured_media":6045,"comment_status":"open","ping_status":"open","sticky":false,"template":"","format":"standard","meta":{"footnotes":""},"categories":[45],"tags":[],"class_list":["post-6044","post","type-post","status-publish","format-standard","has-post-thumbnail","hentry","category-post_educacao"],"_links":{"self":[{"href":"https:\/\/canela.rs.gov.br\/sitenovo\/wp-json\/wp\/v2\/posts\/6044","targetHints":{"allow":["GET"]}}],"collection":[{"href":"https:\/\/canela.rs.gov.br\/sitenovo\/wp-json\/wp\/v2\/posts"}],"about":[{"href":"https:\/\/canela.rs.gov.br\/sitenovo\/wp-json\/wp\/v2\/types\/post"}],"author":[{"embeddable":true,"href":"https:\/\/canela.rs.gov.br\/sitenovo\/wp-json\/wp\/v2\/users\/3"}],"replies":[{"embeddable":true,"href":"https:\/\/canela.rs.gov.br\/sitenovo\/wp-json\/wp\/v2\/comments?post=6044"}],"version-history":[{"count":1,"href":"https:\/\/canela.rs.gov.br\/sitenovo\/wp-json\/wp\/v2\/posts\/6044\/revisions"}],"predecessor-version":[{"id":6046,"href":"https:\/\/canela.rs.gov.br\/sitenovo\/wp-json\/wp\/v2\/posts\/6044\/revisions\/6046"}],"wp:featuredmedia":[{"embeddable":true,"href":"https:\/\/canela.rs.gov.br\/sitenovo\/wp-json\/wp\/v2\/media\/6045"}],"wp:attachment":[{"href":"https:\/\/canela.rs.gov.br\/sitenovo\/wp-json\/wp\/v2\/media?parent=6044"}],"wp:term":[{"taxonomy":"category","embeddable":true,"href":"https:\/\/canela.rs.gov.br\/sitenovo\/wp-json\/wp\/v2\/categories?post=6044"},{"taxonomy":"post_tag","embeddable":true,"href":"https:\/\/canela.rs.gov.br\/sitenovo\/wp-json\/wp\/v2\/tags?post=6044"}],"curies":[{"name":"wp","href":"https:\/\/api.w.org\/{rel}","templated":true}]}}