{"id":5972,"date":"2025-04-25T17:10:42","date_gmt":"2025-04-25T20:10:42","guid":{"rendered":"https:\/\/canela.rs.gov.br\/sitenovo\/?p=5972"},"modified":"2025-04-26T09:45:06","modified_gmt":"2025-04-26T12:45:06","slug":"canela-sedia-segundo-encontro-do-eixo-educacao-da-amserra-e-apresenta-numeros-positivos","status":"publish","type":"post","link":"https:\/\/canela.rs.gov.br\/sitenovo\/canela-sedia-segundo-encontro-do-eixo-educacao-da-amserra-e-apresenta-numeros-positivos\/","title":{"rendered":"Canela sedia segundo encontro do eixo Educa\u00e7\u00e3o da Amserra e apresenta n\u00fameros positivos"},"content":{"rendered":"\n<p><br>Secret\u00e1rios e conselheiros municipais de sete cidades estiveram em Canela nesta sexta-feira, dia 25, no Espa\u00e7o Sicredi, para participar do segundo encontro do eixo Educa\u00e7\u00e3o da Associa\u00e7\u00e3o de Turismo dos Munic\u00edpios da Serra (Amserra) neste ano. Na pauta da reuni\u00e3o estavam orienta\u00e7\u00f5es \u00e0 n\u00edvel estadual da Uni\u00e3o dos Dirigentes Municipais de Educa\u00e7\u00e3o (Undime) e Uni\u00e3o Nacional dos Conselhos Municipais de Educa\u00e7\u00e3o (Uncme), e o trabalho de cada localidade na educa\u00e7\u00e3o infantil para o atendimento das metas estabelecidas no pa\u00eds, como a inclus\u00e3o de todas as crian\u00e7as de 4 e 5 anos na pr\u00e9-escola &#8211; o que j\u00e1 \u00e9 uma realidade em Canela, conforme apresentado no evento.<br>A secret\u00e1ria de Educa\u00e7\u00e3o, Esporte e Lazer de Canela, Maria Gorete Rodrigues da Silva, anfitri\u00e3 da reuni\u00e3o, destacou na abertura a import\u00e2ncia desses momentos para o alinhamento das a\u00e7\u00f5es voltadas para a educa\u00e7\u00e3o infantil em um contexto regional. O tema tamb\u00e9m foi tratado pela presidente da Uncme estadual e secret\u00e1ria de Educa\u00e7\u00e3o de S\u00e3o Francisco de Paula, Ana Paula Bennemann, afirmando, ainda, que a entidade busca que os munic\u00edpios da Serra Ga\u00facha sejam refer\u00eancia em educa\u00e7\u00e3o no territ\u00f3rio do Rio Grande do Sul.<br>De forma remota, a professora Viviane Devalle foi respons\u00e1vel pela apresenta\u00e7\u00e3o de um trabalho sobre os avan\u00e7os e desafios para alcan\u00e7ar algumas metas dos planos municipais de educa\u00e7\u00e3o no \u00e2mbito da 4\u00aa Coordenadoria Regional de Educa\u00e7\u00e3o, a qual algumas cidades da regi\u00e3o pertencem. A pesquisa foi qualitativa e quantitativa, feita a partir de um question\u00e1rio encaminhado aos munic\u00edpios. O estudo gerou dados que podem ser utilizados como referencial no planejamento de estrat\u00e9gias que mirem no atendimento \u00e0s demandas da educa\u00e7\u00e3o.<br>Em outro momento da reuni\u00e3o, os secret\u00e1rios e conselheiros falaram sobre como seus munic\u00edpios est\u00e3o atuando para atender as diretrizes operacionais de qualidade e equidade da resolu\u00e7\u00e3o n\u00ba 1\/2024 do Minist\u00e9rio da Educa\u00e7\u00e3o. Canela apresentou um relato positivo, j\u00e1 com a totalidade das crian\u00e7as de 4 e 5 anos matriculadas na pr\u00e9-escola, e chegando ao percentual de 90% dos pequenos de zero a 3 anos com matr\u00edcula nos n\u00edveis anteriores.<\/p>\n\n\n\n<p><strong>Canela com n\u00fameros positivos<br><\/strong>A coordenadora de Educa\u00e7\u00e3o Infantil de Canela, Andrisa Caberlon, destaca que a administra\u00e7\u00e3o municipal fez um esfor\u00e7o para criar uma central de vagas exclusiva para a educa\u00e7\u00e3o infantil, com a finalidade de diminuir o gargalo e atender a fila de espera de forma mais \u00e1gil. Com isso, neste ano, conseguiu matricular todas as crian\u00e7as de 4 e 5 anos inscritas em uma das 19 escolas infantis locais. Agora, a equipe trabalha para atender a totalidade dos menores de 3 anos de idade, mas Andrisa refor\u00e7a que nesse quesito tamb\u00e9m j\u00e1 ultrapassaram a obrigatoriedade do governo federal e matricularam 90,75% dos que pleiteiam uma vaga em ber\u00e7\u00e1rio e maternal &#8211; a meta era 50%.<br>Atualmente, 2.827 crian\u00e7as frequentam as escolas de educa\u00e7\u00e3o infantil do Munic\u00edpio de Canela.<\/p>\n\n\n\n<p><strong>Eixo Educa\u00e7\u00e3o na Amserra<br><\/strong>A Amserra \u00e9 formada por sete munic\u00edpios (Cambar\u00e1 do Sul, S\u00e3o Francisco de Paula, Canela, Gramado, Nova Petr\u00f3polis, Picada Caf\u00e9 e Santa Maria do Herval). O pr\u00f3ximo encontro do eixo Educa\u00e7\u00e3o ser\u00e1 em 23 de maio, em S\u00e3o Francisco de Paula, e tratar\u00e1 sobre educa\u00e7\u00e3o integral. Novas reuni\u00f5es tamb\u00e9m est\u00e3o agendadas para 27 de junho, 18 de julho, 29 de agosto, 26 de setembro, 24 de outubro, 28 de novembro e 12 de dezembro.<\/p>\n\n\n\n<p><\/p>\n","protected":false},"excerpt":{"rendered":"<p>Secret\u00e1rios e conselheiros municipais de sete cidades estiveram em Canela nesta sexta-feira, dia 25, no Espa\u00e7o Sicredi, para participar do segundo encontro do eixo Educa\u00e7\u00e3o da Associa\u00e7\u00e3o de Turismo dos Munic\u00edpios da Serra (Amserra) neste ano. Na pauta da reuni\u00e3o estavam orienta\u00e7\u00f5es \u00e0 n\u00edvel estadual da Uni\u00e3o dos Dirigentes Municipais de Educa\u00e7\u00e3o (Undime) e Uni\u00e3o [&hellip;]<\/p>\n","protected":false},"author":3,"featured_media":5973,"comment_status":"open","ping_status":"open","sticky":false,"template":"","format":"standard","meta":{"footnotes":""},"categories":[45],"tags":[],"class_list":["post-5972","post","type-post","status-publish","format-standard","has-post-thumbnail","hentry","category-post_educacao"],"_links":{"self":[{"href":"https:\/\/canela.rs.gov.br\/sitenovo\/wp-json\/wp\/v2\/posts\/5972","targetHints":{"allow":["GET"]}}],"collection":[{"href":"https:\/\/canela.rs.gov.br\/sitenovo\/wp-json\/wp\/v2\/posts"}],"about":[{"href":"https:\/\/canela.rs.gov.br\/sitenovo\/wp-json\/wp\/v2\/types\/post"}],"author":[{"embeddable":true,"href":"https:\/\/canela.rs.gov.br\/sitenovo\/wp-json\/wp\/v2\/users\/3"}],"replies":[{"embeddable":true,"href":"https:\/\/canela.rs.gov.br\/sitenovo\/wp-json\/wp\/v2\/comments?post=5972"}],"version-history":[{"count":1,"href":"https:\/\/canela.rs.gov.br\/sitenovo\/wp-json\/wp\/v2\/posts\/5972\/revisions"}],"predecessor-version":[{"id":5974,"href":"https:\/\/canela.rs.gov.br\/sitenovo\/wp-json\/wp\/v2\/posts\/5972\/revisions\/5974"}],"wp:featuredmedia":[{"embeddable":true,"href":"https:\/\/canela.rs.gov.br\/sitenovo\/wp-json\/wp\/v2\/media\/5973"}],"wp:attachment":[{"href":"https:\/\/canela.rs.gov.br\/sitenovo\/wp-json\/wp\/v2\/media?parent=5972"}],"wp:term":[{"taxonomy":"category","embeddable":true,"href":"https:\/\/canela.rs.gov.br\/sitenovo\/wp-json\/wp\/v2\/categories?post=5972"},{"taxonomy":"post_tag","embeddable":true,"href":"https:\/\/canela.rs.gov.br\/sitenovo\/wp-json\/wp\/v2\/tags?post=5972"}],"curies":[{"name":"wp","href":"https:\/\/api.w.org\/{rel}","templated":true}]}}