{"id":5940,"date":"2025-04-25T14:02:05","date_gmt":"2025-04-25T17:02:05","guid":{"rendered":"https:\/\/canela.rs.gov.br\/sitenovo\/?p=5940"},"modified":"2025-04-25T14:02:06","modified_gmt":"2025-04-25T17:02:06","slug":"32a-olimpec-continua-com-disputas-no-futsal","status":"publish","type":"post","link":"https:\/\/canela.rs.gov.br\/sitenovo\/32a-olimpec-continua-com-disputas-no-futsal\/","title":{"rendered":"32\u00aa Olimpec continua com disputas no futsal"},"content":{"rendered":"\n<p><br>As disputas da 32\u00aa Olimp\u00edada Estudantil de Canela continuaram nesta semana com a modalidade futsal. Nesta quinta-feira, dia 24, foi a vez das equipes juvenil e pr\u00e9-mirim masculino e feminino das escolas p\u00fablicas e privadas entrarem em quadra no gin\u00e1sio da Escola Jo\u00e3o Alfredo Corr\u00eaa Pinto. A competi\u00e7\u00e3o continua na ter\u00e7a-feira, dia 29, com as categorias infantil e mirim feminino.<br>Pela manh\u00e3, foram disputadas as categorias juvenil masculino e feminino, que teve o seguinte resultado:<br>Juvenil feminino &#8211; 1\u00ba lugar, Col\u00e9gio Marista; 2\u00ba lugar, Escola Estadual Danton Corr\u00eaa da Silva; 3\u00ba lugar, Escola Estadual Adolfo Seibt.<br>Juvenil masculino &#8211; 1\u00ba lugar, Col\u00e9gio Marista; 2\u00ba lugar, Escola Estadual Danton Corr\u00eaa da Silva; 3\u00ba lugar, Coopec.<br>\u00c0 tarde, as equipes pr\u00e9-mirim masculino e feminino competiram nas classificat\u00f3rias. Uma nova data ser\u00e1 marcada para a disputa da final do futsal na Olimpec dessa categoria.<br>A 32\u00aa Olimpec come\u00e7ou no dia 15 de abril com a r\u00fastica e seguiu com a disputa das provas de atletismo. A organiza\u00e7\u00e3o do evento \u00e9 da Secretaria de Educa\u00e7\u00e3o, Esporte e Lazer de Canela, com coordena\u00e7\u00e3o sob a responsabilidade da professora Gabriela Laidens juntamente com os professores de educa\u00e7\u00e3o f\u00edsica das escolas.<\/p>\n","protected":false},"excerpt":{"rendered":"<p>As disputas da 32\u00aa Olimp\u00edada Estudantil de Canela continuaram nesta semana com a modalidade futsal. Nesta quinta-feira, dia 24, foi a vez das equipes juvenil e pr\u00e9-mirim masculino e feminino das escolas p\u00fablicas e privadas entrarem em quadra no gin\u00e1sio da Escola Jo\u00e3o Alfredo Corr\u00eaa Pinto. A competi\u00e7\u00e3o continua na ter\u00e7a-feira, dia 29, com as [&hellip;]<\/p>\n","protected":false},"author":3,"featured_media":5941,"comment_status":"open","ping_status":"open","sticky":false,"template":"","format":"standard","meta":{"footnotes":""},"categories":[45],"tags":[],"class_list":["post-5940","post","type-post","status-publish","format-standard","has-post-thumbnail","hentry","category-post_educacao"],"_links":{"self":[{"href":"https:\/\/canela.rs.gov.br\/sitenovo\/wp-json\/wp\/v2\/posts\/5940","targetHints":{"allow":["GET"]}}],"collection":[{"href":"https:\/\/canela.rs.gov.br\/sitenovo\/wp-json\/wp\/v2\/posts"}],"about":[{"href":"https:\/\/canela.rs.gov.br\/sitenovo\/wp-json\/wp\/v2\/types\/post"}],"author":[{"embeddable":true,"href":"https:\/\/canela.rs.gov.br\/sitenovo\/wp-json\/wp\/v2\/users\/3"}],"replies":[{"embeddable":true,"href":"https:\/\/canela.rs.gov.br\/sitenovo\/wp-json\/wp\/v2\/comments?post=5940"}],"version-history":[{"count":1,"href":"https:\/\/canela.rs.gov.br\/sitenovo\/wp-json\/wp\/v2\/posts\/5940\/revisions"}],"predecessor-version":[{"id":5942,"href":"https:\/\/canela.rs.gov.br\/sitenovo\/wp-json\/wp\/v2\/posts\/5940\/revisions\/5942"}],"wp:featuredmedia":[{"embeddable":true,"href":"https:\/\/canela.rs.gov.br\/sitenovo\/wp-json\/wp\/v2\/media\/5941"}],"wp:attachment":[{"href":"https:\/\/canela.rs.gov.br\/sitenovo\/wp-json\/wp\/v2\/media?parent=5940"}],"wp:term":[{"taxonomy":"category","embeddable":true,"href":"https:\/\/canela.rs.gov.br\/sitenovo\/wp-json\/wp\/v2\/categories?post=5940"},{"taxonomy":"post_tag","embeddable":true,"href":"https:\/\/canela.rs.gov.br\/sitenovo\/wp-json\/wp\/v2\/tags?post=5940"}],"curies":[{"name":"wp","href":"https:\/\/api.w.org\/{rel}","templated":true}]}}