{"id":5385,"date":"2025-04-15T17:29:24","date_gmt":"2025-04-15T20:29:24","guid":{"rendered":"https:\/\/canela.rs.gov.br\/sitenovo\/?p=5385"},"modified":"2025-04-16T08:05:03","modified_gmt":"2025-04-16T11:05:03","slug":"depois-de-quatro-anos-olimpec-retorna-com-mais-modalidades-em-disputa","status":"publish","type":"post","link":"https:\/\/canela.rs.gov.br\/sitenovo\/depois-de-quatro-anos-olimpec-retorna-com-mais-modalidades-em-disputa\/","title":{"rendered":"Depois de quatro anos, Olimpec retorna com mais modalidades em disputa"},"content":{"rendered":"\n<p>Depois de passar por uma redu\u00e7\u00e3o nas modalidades disputadas ap\u00f3s a pandemia de coronav\u00edrus, nesta ter\u00e7a-feira, dia 15, a Olimp\u00edada Estudantil de Canela (Olimpec) foi retomada em sua totalidade. A abertura oficial do evento esportivo, assim como a etapa da r\u00fastica, nas categorias mirim, infantil e juvenil, aconteceu no Parque do Lago, com a presen\u00e7a do prefeito Gilberto Cezar.<br>A Olimpec est\u00e1 em sua 32\u00aa edi\u00e7\u00e3o, organizada pela Secretaria de Educa\u00e7\u00e3o, Esporte e Lazer, com a finalidade de estimular a pr\u00e1tica esportiva pelos estudantes da rede p\u00fablica e privada de ensino de Canela. A coordena\u00e7\u00e3o do evento est\u00e1 sob a responsabilidade da professora Gabriela Laidens juntamente com os professores de educa\u00e7\u00e3o f\u00edsica das escolas.<br>O prefeito destacou no evento de abertura que, desde 2019, a Olimpec teve suas atividades reduzidas e, agora, a administra\u00e7\u00e3o municipal trabalha para retomar esse projeto aos poucos, aumentando o n\u00famero de modalidades em disputa. \u201cEu participei da Olimpec muitas vezes quando tinha a idade de voc\u00eas, e a gente ficava muito feliz aguardando esse momento de integra\u00e7\u00e3o entre as escolas, porque talvez essa seja a \u00fanica oportunidade em que escolas p\u00fablicas e privadas v\u00e3o estar lado a lado, competindo, mesmo que o mais importante seja participar\u201d, relatou o prefeito em fala direcionada aos pequenos atletas. &nbsp;<br>Durante a cerim\u00f4nia, tamb\u00e9m foi prestada uma homenagem a um dos criadores da Olimpec, Romeu Nissola, que capitaneou o projeto enquanto estava \u00e0 frente do Sesi de Canela. Os secret\u00e1rios de Tr\u00e2nsito, Transportes e Fiscaliza\u00e7\u00e3o, Adriel Buss, e de Assist\u00eancia, Desenvolvimento Social, Cidadania e Habita\u00e7\u00e3o, Carmen Seibt, e o adjunto da pasta de Educa\u00e7\u00e3o, Esporte e Lazer, Evandro Mikoleiczaki, acompanharam.<\/p>\n\n\n\n<p><strong>Resultados<\/strong><br>A primeira modalidade a ser disputada foi a r\u00fastica, que teve a participa\u00e7\u00e3o de aproximadamente 220 estudantes da rede de ensino de Canela. Confira abaixo os resultados:<\/p>\n\n\n\n<p>Mirim Masculino: 1\u00ba lugar &#8211; Bernardo, da Escola Estadual Neusa Mari Pacheco; 2\u00ba lugar &#8211; Samuel, Escola Jo\u00e3o Alfredo Corr\u00eaa Pinto; 3\u00ba lugar &#8211; Jo\u00e3o Negretti, da Coopec.<br>Mirim Feminino: 1\u00ba lugar &#8211; Dechena Carino, da Escola Ernesto Dornelles; 2\u00ba lugar &#8211; Thamires, Escola Zeferino Jos\u00e9 Lopes; 3\u00ba lugar &#8211; Anth\u00f4nia, Col\u00e9gio Marista.<br>Infantil Masculino: 1\u00ba lugar &#8211; Luiz Ant\u00f4nio, da Coopec; 2\u00ba lugar &#8211; Pedro, Col\u00e9gio Marista; 3\u00ba lugar &#8211; Thom\u00e1s Amazonas, da Coopec.<br>Infantil Feminino: 1\u00ba lugar &#8211; Maria Eduarda, da Escola Jo\u00e3o Alfredo Corr\u00eaa Pinto; 2\u00ba lugar &#8211; Rafaela, da Escola Jo\u00e3o Alfredo Corr\u00eaa Pinto; 3\u00ba lugar &#8211; Antonela, Escola Estadual Neusa Mari Pacheco.<br>Juvenil Masculino: 1\u00ba lugar &#8211; Alessandro, da Escola Estadual Danton Corr\u00eaa da Silva; 2\u00ba lugar &#8211; Arthur Pimel, do Col\u00e9gio Marista; 3\u00ba lugar &#8211; Gon\u00e7alo Boeira, do Col\u00e9gio Marista.<br>Juvenil Feminino: 1\u00ba lugar &#8211; Amanda, da Escola Estadual Danton Corr\u00eaa da Silva; 2\u00ba lugar &#8211; Betina, do Col\u00e9gio Marista; 3\u00ba lugar &#8211; Thamiris, da Escola Jo\u00e3o Alfredo Corr\u00eaa Pinto.<\/p>\n\n\n\n<p><strong>Olimpec segue com o atletismo<\/strong><br>Nesta quarta-feira, dia 16, a Olimp\u00edada Estudantil segue com a competi\u00e7\u00e3o do atletismo, pela manh\u00e3 e \u00e0 tarde, no Campo Celulose. Na pr\u00f3xima semana, dias 22 e 24, no Gin\u00e1sio da Escola Jo\u00e3o Alfredo Corr\u00eaa Pinto, ser\u00e1 a vez das equipes entrarem em quadra para competir no futsal.<\/p>\n\n\n\n<p><\/p>\n","protected":false},"excerpt":{"rendered":"<p>Depois de passar por uma redu\u00e7\u00e3o nas modalidades disputadas ap\u00f3s a pandemia de coronav\u00edrus, nesta ter\u00e7a-feira, dia 15, a Olimp\u00edada Estudantil de Canela (Olimpec) foi retomada em sua totalidade. A abertura oficial do evento esportivo, assim como a etapa da r\u00fastica, nas categorias mirim, infantil e juvenil, aconteceu no Parque do Lago, com a presen\u00e7a [&hellip;]<\/p>\n","protected":false},"author":3,"featured_media":5386,"comment_status":"open","ping_status":"open","sticky":false,"template":"","format":"standard","meta":{"footnotes":""},"categories":[164,45],"tags":[],"class_list":["post-5385","post","type-post","status-publish","format-standard","has-post-thumbnail","hentry","category-destaque","category-post_educacao"],"_links":{"self":[{"href":"https:\/\/canela.rs.gov.br\/sitenovo\/wp-json\/wp\/v2\/posts\/5385","targetHints":{"allow":["GET"]}}],"collection":[{"href":"https:\/\/canela.rs.gov.br\/sitenovo\/wp-json\/wp\/v2\/posts"}],"about":[{"href":"https:\/\/canela.rs.gov.br\/sitenovo\/wp-json\/wp\/v2\/types\/post"}],"author":[{"embeddable":true,"href":"https:\/\/canela.rs.gov.br\/sitenovo\/wp-json\/wp\/v2\/users\/3"}],"replies":[{"embeddable":true,"href":"https:\/\/canela.rs.gov.br\/sitenovo\/wp-json\/wp\/v2\/comments?post=5385"}],"version-history":[{"count":2,"href":"https:\/\/canela.rs.gov.br\/sitenovo\/wp-json\/wp\/v2\/posts\/5385\/revisions"}],"predecessor-version":[{"id":5402,"href":"https:\/\/canela.rs.gov.br\/sitenovo\/wp-json\/wp\/v2\/posts\/5385\/revisions\/5402"}],"wp:featuredmedia":[{"embeddable":true,"href":"https:\/\/canela.rs.gov.br\/sitenovo\/wp-json\/wp\/v2\/media\/5386"}],"wp:attachment":[{"href":"https:\/\/canela.rs.gov.br\/sitenovo\/wp-json\/wp\/v2\/media?parent=5385"}],"wp:term":[{"taxonomy":"category","embeddable":true,"href":"https:\/\/canela.rs.gov.br\/sitenovo\/wp-json\/wp\/v2\/categories?post=5385"},{"taxonomy":"post_tag","embeddable":true,"href":"https:\/\/canela.rs.gov.br\/sitenovo\/wp-json\/wp\/v2\/tags?post=5385"}],"curies":[{"name":"wp","href":"https:\/\/api.w.org\/{rel}","templated":true}]}}