{"id":5382,"date":"2025-04-15T17:21:54","date_gmt":"2025-04-15T20:21:54","guid":{"rendered":"https:\/\/canela.rs.gov.br\/sitenovo\/?p=5382"},"modified":"2025-04-15T17:21:54","modified_gmt":"2025-04-15T20:21:54","slug":"vice-prefeito-de-canela-leva-demandas-de-canela-ao-deputado-afonso-motta-e-reforca-articulacao-por-recursos-para-saude-e-rota-panoramica","status":"publish","type":"post","link":"https:\/\/canela.rs.gov.br\/sitenovo\/vice-prefeito-de-canela-leva-demandas-de-canela-ao-deputado-afonso-motta-e-reforca-articulacao-por-recursos-para-saude-e-rota-panoramica\/","title":{"rendered":"Vice-prefeito de Canela leva demandas de Canela ao deputado Afonso Motta e refor\u00e7a articula\u00e7\u00e3o por recursos para sa\u00fade e Rota Panor\u00e2mica."},"content":{"rendered":"\n<p>O vice-prefeito de Canela, Gilberto Tegner, o Tol\u00e3o, esteve nesta segunda-feira (14) em Porto Alegre em reuni\u00e3o com o deputado federal Afonso Motta, tamb\u00e9m do PDT. No encontro, Tol\u00e3o apresentou as principais demandas do munic\u00edpio, com foco especial na \u00e1rea da sa\u00fade e na reconstru\u00e7\u00e3o da Rota Panor\u00e2mica, dois temas considerados priorit\u00e1rios pela atual gest\u00e3o.<\/p>\n\n\n\n<p>A sa\u00fade p\u00fablica em Canela tem sido a pasta que mais necessita de investimentos neste momento, diante do crescimento da demanda e da limita\u00e7\u00e3o de recursos. Tol\u00e3o vem intensificando o di\u00e1logo com lideran\u00e7as pol\u00edticas para viabilizar apoio financeiro e garantir melhorias no atendimento \u00e0 popula\u00e7\u00e3o. \u201cEstamos correndo atr\u00e1s, buscando em todas as esferas os recursos que Canela precisa e merece\u201d, destacou o vice-prefeito.<\/p>\n\n\n\n<p>Sobre a Rota Panor\u00e2mica, o processo para a libera\u00e7\u00e3o de recursos j\u00e1 est\u00e1 em tramita\u00e7\u00e3o em Bras\u00edlia, no Minist\u00e9rio da Integra\u00e7\u00e3o e do Desenvolvimento Regional, fruto de uma grande articula\u00e7\u00e3o pol\u00edtica do prefeito Gilberto Cezar. Agora, o esfor\u00e7o \u00e9 de mobiliza\u00e7\u00e3o para a libera\u00e7\u00e3o do recurso, considerado fundamental para a recupera\u00e7\u00e3o da estrada, que tem papel estrat\u00e9gico tanto na mobilidade quanto no fomento ao turismo regional.<\/p>\n\n\n\n<p>O deputado Afonso Motta sinalizou apoio \u00e0s demandas apresentadas e se comprometeu a acompanhar de perto os tr\u00e2mites em Bras\u00edlia. A articula\u00e7\u00e3o entre lideran\u00e7as locais e federais segue como uma das estrat\u00e9gias da gest\u00e3o municipal para garantir avan\u00e7os concretos em \u00e1reas essenciais para a popula\u00e7\u00e3o de Canela.<\/p>\n","protected":false},"excerpt":{"rendered":"<p>O vice-prefeito de Canela, Gilberto Tegner, o Tol\u00e3o, esteve nesta segunda-feira (14) em Porto Alegre em reuni\u00e3o com o deputado federal Afonso Motta, tamb\u00e9m do PDT. No encontro, Tol\u00e3o apresentou as principais demandas do munic\u00edpio, com foco especial na \u00e1rea da sa\u00fade e na reconstru\u00e7\u00e3o da Rota Panor\u00e2mica, dois temas considerados priorit\u00e1rios pela atual gest\u00e3o. [&hellip;]<\/p>\n","protected":false},"author":3,"featured_media":5383,"comment_status":"open","ping_status":"open","sticky":false,"template":"","format":"standard","meta":{"footnotes":""},"categories":[40],"tags":[],"class_list":["post-5382","post","type-post","status-publish","format-standard","has-post-thumbnail","hentry","category-vice-prefeito"],"_links":{"self":[{"href":"https:\/\/canela.rs.gov.br\/sitenovo\/wp-json\/wp\/v2\/posts\/5382","targetHints":{"allow":["GET"]}}],"collection":[{"href":"https:\/\/canela.rs.gov.br\/sitenovo\/wp-json\/wp\/v2\/posts"}],"about":[{"href":"https:\/\/canela.rs.gov.br\/sitenovo\/wp-json\/wp\/v2\/types\/post"}],"author":[{"embeddable":true,"href":"https:\/\/canela.rs.gov.br\/sitenovo\/wp-json\/wp\/v2\/users\/3"}],"replies":[{"embeddable":true,"href":"https:\/\/canela.rs.gov.br\/sitenovo\/wp-json\/wp\/v2\/comments?post=5382"}],"version-history":[{"count":1,"href":"https:\/\/canela.rs.gov.br\/sitenovo\/wp-json\/wp\/v2\/posts\/5382\/revisions"}],"predecessor-version":[{"id":5384,"href":"https:\/\/canela.rs.gov.br\/sitenovo\/wp-json\/wp\/v2\/posts\/5382\/revisions\/5384"}],"wp:featuredmedia":[{"embeddable":true,"href":"https:\/\/canela.rs.gov.br\/sitenovo\/wp-json\/wp\/v2\/media\/5383"}],"wp:attachment":[{"href":"https:\/\/canela.rs.gov.br\/sitenovo\/wp-json\/wp\/v2\/media?parent=5382"}],"wp:term":[{"taxonomy":"category","embeddable":true,"href":"https:\/\/canela.rs.gov.br\/sitenovo\/wp-json\/wp\/v2\/categories?post=5382"},{"taxonomy":"post_tag","embeddable":true,"href":"https:\/\/canela.rs.gov.br\/sitenovo\/wp-json\/wp\/v2\/tags?post=5382"}],"curies":[{"name":"wp","href":"https:\/\/api.w.org\/{rel}","templated":true}]}}