{"id":5320,"date":"2025-04-14T17:11:53","date_gmt":"2025-04-14T20:11:53","guid":{"rendered":"https:\/\/canela.rs.gov.br\/sitenovo\/?p=5320"},"modified":"2025-04-14T17:11:54","modified_gmt":"2025-04-14T20:11:54","slug":"gestores-das-escolas-de-canela-participam-de-curso-sobre-prevencao-da-violencia-nos-ambientes-educacionais","status":"publish","type":"post","link":"https:\/\/canela.rs.gov.br\/sitenovo\/gestores-das-escolas-de-canela-participam-de-curso-sobre-prevencao-da-violencia-nos-ambientes-educacionais\/","title":{"rendered":"Gestores das escolas de Canela participam de curso sobre preven\u00e7\u00e3o da viol\u00eancia nos ambientes educacionais"},"content":{"rendered":"\n<p>Preparar os gestores das escolas p\u00fablicas e privadas de Canela para lidar com situa\u00e7\u00f5es de viol\u00eancia no ambiente estudantil \u00e9 a finalidade do curso de capacita\u00e7\u00e3o que aconteceu nesta segunda-feira, dia 14, no audit\u00f3rio do Campus Universit\u00e1rio Regi\u00e3o das Hort\u00eansias da Universidade de Caxias do Sul. A forma\u00e7\u00e3o \u00e9 ministrada pela Brigada Militar e visa preparar os profissionais para os riscos que possam surgir na rotina escolar, de forma que saibam encaminhar a solu\u00e7\u00e3o da melhor maneira poss\u00edvel.<br>Com o t\u00edtulo \u201cMultiplicador de Preven\u00e7\u00e3o e resposta a ataques em ambientes escolares\u201d, a capacita\u00e7\u00e3o aconteceu em dois turnos, pela manh\u00e3 e \u00e0 tarde, e foi solicitada pela Secretaria Municipal de Educa\u00e7\u00e3o, Esporte e Lazer, para oportunizar um momento de escuta, acolhimento e treinamento. \u00a0\u201cQueremos escolas com ambientes saud\u00e1veis, acolhedores e de bem-estar. Para isso, a seguran\u00e7a \u00e9 fundamental\u201d, ressalta a titular da pasta, professora Maria Gorete Rodrigues da Silva.<br>A secret\u00e1ria Maria Gorete destaca tamb\u00e9m que diante dos riscos de ataque vivenciados hoje, principalmente pela quest\u00e3o da tecnologia, \u00e9 preciso mais conhecimento e parcerias com diferentes institui\u00e7\u00f5es para que as escolas possam enfrentar esse momento. \u201cA Brigada Militar tem capacidade para lidar nessas situa\u00e7\u00f5es, tem mais percep\u00e7\u00e3o aos sinais diferentes, e pode ensinar o que observar para que nossas equipes possam pedir aux\u00edlio\u201d, declara.<\/p>\n","protected":false},"excerpt":{"rendered":"<p>Preparar os gestores das escolas p\u00fablicas e privadas de Canela para lidar com situa\u00e7\u00f5es de viol\u00eancia no ambiente estudantil \u00e9 a finalidade do curso de capacita\u00e7\u00e3o que aconteceu nesta segunda-feira, dia 14, no audit\u00f3rio do Campus Universit\u00e1rio Regi\u00e3o das Hort\u00eansias da Universidade de Caxias do Sul. A forma\u00e7\u00e3o \u00e9 ministrada pela Brigada Militar e visa [&hellip;]<\/p>\n","protected":false},"author":3,"featured_media":5324,"comment_status":"open","ping_status":"open","sticky":false,"template":"","format":"standard","meta":{"footnotes":""},"categories":[45],"tags":[],"class_list":["post-5320","post","type-post","status-publish","format-standard","has-post-thumbnail","hentry","category-post_educacao"],"_links":{"self":[{"href":"https:\/\/canela.rs.gov.br\/sitenovo\/wp-json\/wp\/v2\/posts\/5320","targetHints":{"allow":["GET"]}}],"collection":[{"href":"https:\/\/canela.rs.gov.br\/sitenovo\/wp-json\/wp\/v2\/posts"}],"about":[{"href":"https:\/\/canela.rs.gov.br\/sitenovo\/wp-json\/wp\/v2\/types\/post"}],"author":[{"embeddable":true,"href":"https:\/\/canela.rs.gov.br\/sitenovo\/wp-json\/wp\/v2\/users\/3"}],"replies":[{"embeddable":true,"href":"https:\/\/canela.rs.gov.br\/sitenovo\/wp-json\/wp\/v2\/comments?post=5320"}],"version-history":[{"count":1,"href":"https:\/\/canela.rs.gov.br\/sitenovo\/wp-json\/wp\/v2\/posts\/5320\/revisions"}],"predecessor-version":[{"id":5325,"href":"https:\/\/canela.rs.gov.br\/sitenovo\/wp-json\/wp\/v2\/posts\/5320\/revisions\/5325"}],"wp:featuredmedia":[{"embeddable":true,"href":"https:\/\/canela.rs.gov.br\/sitenovo\/wp-json\/wp\/v2\/media\/5324"}],"wp:attachment":[{"href":"https:\/\/canela.rs.gov.br\/sitenovo\/wp-json\/wp\/v2\/media?parent=5320"}],"wp:term":[{"taxonomy":"category","embeddable":true,"href":"https:\/\/canela.rs.gov.br\/sitenovo\/wp-json\/wp\/v2\/categories?post=5320"},{"taxonomy":"post_tag","embeddable":true,"href":"https:\/\/canela.rs.gov.br\/sitenovo\/wp-json\/wp\/v2\/tags?post=5320"}],"curies":[{"name":"wp","href":"https:\/\/api.w.org\/{rel}","templated":true}]}}