{"id":5291,"date":"2025-04-14T11:35:46","date_gmt":"2025-04-14T14:35:46","guid":{"rendered":"https:\/\/canela.rs.gov.br\/sitenovo\/?p=5291"},"modified":"2025-04-14T11:46:29","modified_gmt":"2025-04-14T14:46:29","slug":"32a-edicao-da-olimpec-comeca-nesta-terca-feira","status":"publish","type":"post","link":"https:\/\/canela.rs.gov.br\/sitenovo\/32a-edicao-da-olimpec-comeca-nesta-terca-feira\/","title":{"rendered":"32\u00aa edi\u00e7\u00e3o da Olimpec come\u00e7a nesta ter\u00e7a-feira"},"content":{"rendered":"\n<p>A 32\u00aa edi\u00e7\u00e3o da Olimp\u00edada Estudantil de Canela (Olimpec), promovida pela Prefeitura Municipal por meio da Secretaria de Educa\u00e7\u00e3o, Esporte e Lazer, come\u00e7a nesta semana, com a participa\u00e7\u00e3o das escolas p\u00fablicas e privadas da cidade. A abertura oficial do evento acontece \u00e0s 8h30 desta ter\u00e7a-feira, dia 15, no Parque do Lago, quando s\u00e3o esperadas mais de 200 pessoas, entre autoridades e alunos participantes das provas.<br>O evento busca estimular a pr\u00e1tica esportiva entre os estudantes de Canela, com momentos de competi\u00e7\u00e3o e descontra\u00e7\u00e3o nas disputas das modalidades R\u00fastica, Atletismo, Futsal e Basquete. Ap\u00f3s a cerim\u00f4nia, \u00e0s 9 horas, come\u00e7a a modalidade R\u00fastica, categorias mirim, infantil e juvenil.<br>Neste ano, a Olimpec foi organizada em duas etapas: a primeira iniciada em abril e com previs\u00e3o de ser conclu\u00edda em 20 de maio. Ap\u00f3s a avalia\u00e7\u00e3o desta fase, ser\u00e1 divulgado o cronograma da fase dois que deve come\u00e7ar ap\u00f3s as f\u00e9rias de inverno, com modalidades como handebol e v\u00f4lei.<\/p>\n\n\n\n<p><strong>Confira o cronograma da Olimpec para o primeiro semestre deste ano:<\/strong><\/p>\n\n\n\n<p>15\/04 &#8211; Parque do Lago<br>8h30: abertura oficial<br>9h: disputa da R\u00fastica (mirim, infantil e juvenil)<\/p>\n\n\n\n<p>16\/04 &#8211; Campo Celulose<br>8h: atletismo (juvenil e infantil)<br>13h30: atletismo (sapequinha, pr\u00e9-mirim e mirim)<\/p>\n\n\n\n<p>Gin\u00e1sio da Escola Jo\u00e3o Alfredo Corr\u00eaa Pinto<br>22\/04<br>8h: futsal (infantil masculino)<br>13h30: futsal (mirim masculino)<\/p>\n\n\n\n<p>24\/04<br>8h: futsal (juvenil masculino e feminino)<br>13h30: futsal (pr\u00e9-mirim masculino e feminino)<\/p>\n\n\n\n<p>29\/04<br>8h: futsal (infantil feminino)<br>13h30: futsal (mirim feminino)<\/p>\n\n\n\n<p>Gin\u00e1sio Dante Bertolucci<br>13\/05<br>8h: basquete (juvenil feminino)<br>13h30: basquete (mirim feminino)<\/p>\n\n\n\n<p>14\/05<br>8h: basquete (infantil masculino)<br>13h30: basquete (mirim masculino)<\/p>\n\n\n\n<p>20\/05<br>8h: basquete (juvenil masculino)<br>13h30: basquete (infantil feminino)<\/p>\n","protected":false},"excerpt":{"rendered":"<p>A 32\u00aa edi\u00e7\u00e3o da Olimp\u00edada Estudantil de Canela (Olimpec), promovida pela Prefeitura Municipal por meio da Secretaria de Educa\u00e7\u00e3o, Esporte e Lazer, come\u00e7a nesta semana, com a participa\u00e7\u00e3o das escolas p\u00fablicas e privadas da cidade. A abertura oficial do evento acontece \u00e0s 8h30 desta ter\u00e7a-feira, dia 15, no Parque do Lago, quando s\u00e3o esperadas mais [&hellip;]<\/p>\n","protected":false},"author":3,"featured_media":5292,"comment_status":"open","ping_status":"open","sticky":false,"template":"","format":"standard","meta":{"footnotes":""},"categories":[45],"tags":[],"class_list":["post-5291","post","type-post","status-publish","format-standard","has-post-thumbnail","hentry","category-post_educacao"],"_links":{"self":[{"href":"https:\/\/canela.rs.gov.br\/sitenovo\/wp-json\/wp\/v2\/posts\/5291","targetHints":{"allow":["GET"]}}],"collection":[{"href":"https:\/\/canela.rs.gov.br\/sitenovo\/wp-json\/wp\/v2\/posts"}],"about":[{"href":"https:\/\/canela.rs.gov.br\/sitenovo\/wp-json\/wp\/v2\/types\/post"}],"author":[{"embeddable":true,"href":"https:\/\/canela.rs.gov.br\/sitenovo\/wp-json\/wp\/v2\/users\/3"}],"replies":[{"embeddable":true,"href":"https:\/\/canela.rs.gov.br\/sitenovo\/wp-json\/wp\/v2\/comments?post=5291"}],"version-history":[{"count":1,"href":"https:\/\/canela.rs.gov.br\/sitenovo\/wp-json\/wp\/v2\/posts\/5291\/revisions"}],"predecessor-version":[{"id":5293,"href":"https:\/\/canela.rs.gov.br\/sitenovo\/wp-json\/wp\/v2\/posts\/5291\/revisions\/5293"}],"wp:featuredmedia":[{"embeddable":true,"href":"https:\/\/canela.rs.gov.br\/sitenovo\/wp-json\/wp\/v2\/media\/5292"}],"wp:attachment":[{"href":"https:\/\/canela.rs.gov.br\/sitenovo\/wp-json\/wp\/v2\/media?parent=5291"}],"wp:term":[{"taxonomy":"category","embeddable":true,"href":"https:\/\/canela.rs.gov.br\/sitenovo\/wp-json\/wp\/v2\/categories?post=5291"},{"taxonomy":"post_tag","embeddable":true,"href":"https:\/\/canela.rs.gov.br\/sitenovo\/wp-json\/wp\/v2\/tags?post=5291"}],"curies":[{"name":"wp","href":"https:\/\/api.w.org\/{rel}","templated":true}]}}