{"id":5236,"date":"2025-04-11T14:00:00","date_gmt":"2025-04-11T17:00:00","guid":{"rendered":"https:\/\/canela.rs.gov.br\/sitenovo\/?p=5236"},"modified":"2025-04-11T14:45:00","modified_gmt":"2025-04-11T17:45:00","slug":"100-dias-de-governo-canela-apresenta-acoes-e-resultados-que-alavancam-o-municipio","status":"publish","type":"post","link":"https:\/\/canela.rs.gov.br\/sitenovo\/100-dias-de-governo-canela-apresenta-acoes-e-resultados-que-alavancam-o-municipio\/","title":{"rendered":"100 dias de governo: Canela apresenta a\u00e7\u00f5es e resultados que alavancam o munic\u00edpio"},"content":{"rendered":"\n<p>Trabalho, compromisso e transpar\u00eancia. Ancorada nestas premissas, a administra\u00e7\u00e3o municipal de Canela, liderada pelo prefeito Gilberto Cezar e o vice-prefeito Gilberto Tegner, elencou 50 das principais a\u00e7\u00f5es e os avan\u00e7os constru\u00eddos nestes 100 primeiros dias de governo. A apresenta\u00e7\u00e3o aconteceu na manh\u00e3 desta sexta-feira, dia 11, no Centro Integrado de Desenvolvimento e Inova\u00e7\u00e3o de Canela (CIDICA).<\/p>\n\n\n\n<p>As a\u00e7\u00f5es e importantes n\u00fameros desenvolvidos pelas dez secretarias que comp\u00f5em a estrutura municipal mostram o empenho da nova gest\u00e3o com o desenvolvimento da cidade. As atividades foram abordadas pelo prefeito, que falou sobre os desafios encontrados pela nova administra\u00e7\u00e3o e citou as execu\u00e7\u00f5es realizadas at\u00e9 aqui. \u201cAo completar 100 dias \u00e0 frente da Prefeitura de Canela, agradecemos \u00e0 nossa popula\u00e7\u00e3o pela confian\u00e7a e \u00e0 nossa equipe pelo empenho di\u00e1rio. Estamos comprometidos com uma gest\u00e3o transparente, eficiente e voltada para as pessoas\u201d, declara Gilberto Cezar.<\/p>\n\n\n\n<p><strong>Confira alguns feitos importantes:<\/strong><\/p>\n\n\n\n<h3 class=\"wp-block-heading\"><a href=\"https:\/\/canela.rs.gov.br\/sitenovo\/sms\/\" data-type=\"page\" data-id=\"292\">SA\u00daDE<\/a><\/h3>\n\n\n\n<p>A Sa\u00fade passa por uma reestrutura\u00e7\u00e3o com o objetivo de ampliar e qualificar os servi\u00e7os de sa\u00fade para a comunidade. Isto pode ser provado atrav\u00e9s de n\u00fameros como consultas m\u00e9dicas que somaram 22.172 em 2025, com um aumento de quase 20% em um comparativo com o ano anterior neste mesmo per\u00edodo. Al\u00e9m de 9.832 atendimentos de enfermagem, aumentando mais de 32,3%. A pasta aderiu, ainda, ao Programa Mais Acesso a Especialistas (PMAE), do Minist\u00e9rio da Sa\u00fade, que garantiu \u00e0 cidade um repasse aproximado de R$ 95 mil que ser\u00e1 investido na amplia\u00e7\u00e3o dos atendimentos em especialidades como cardiologia, urologia, otorrinolaringologia e ginecologia. O mutir\u00e3o em Sa\u00fade Mental e Refor\u00e7o em Psicologia tamb\u00e9m j\u00e1 possibilita redu\u00e7\u00e3o da fila de espera e aumento na carga hor\u00e1ria de psic\u00f3logos nas UBS\u2019s. \u201cHumanizar e qualificar os atendimentos de sa\u00fade no munic\u00edpio, gerando mais qualidade de vida \u00e0 comunidade, segue sendo um dos maiores compromissos da minha gest\u00e3o\u201d, ressalta o prefeito Gilberto Cezar.<\/p>\n\n\n\n<h3 class=\"wp-block-heading\"><a href=\"https:\/\/canela.rs.gov.br\/sitenovo\/smeel\/\" data-type=\"page\" data-id=\"290\">EDUCA\u00c7\u00c3O<\/a><\/h3>\n\n\n\n<p>A Educa\u00e7\u00e3o tamb\u00e9m \u00e9 uma pasta de grande relev\u00e2ncia no governo municipal e apresenta n\u00fameros expressivos. Atualmente 2.479 alunos est\u00e3o matriculados no turno integral, sendo que 939 alunos utilizam transporte escolar fornecido pelo munic\u00edpio. Al\u00e9m de 12.403 refei\u00e7\u00f5es serem servidas para os estudantes diariamente. Nesta gest\u00e3o, a Educa\u00e7\u00e3o tem como foco a integra\u00e7\u00e3o e a inclus\u00e3o. Desta forma, um dos avan\u00e7os \u00e9 que a Secretaria passou a contar com uma coordenadora de Educa\u00e7\u00e3o Especial Inclusiva, visando proporcionar um melhor desenvolvimento e inclus\u00e3o para as crian\u00e7as com necessidades especiais nas Escolas do munic\u00edpio. Uma das primeiras medidas da pasta tem sido a retomada gradual do Atendimento Educacional Especializado (AEE) nas institui\u00e7\u00f5es de ensino da cidade.<\/p>\n\n\n\n<h3 class=\"wp-block-heading\"><a href=\"https:\/\/canela.rs.gov.br\/sitenovo\/smmau\/\" data-type=\"page\" data-id=\"296\">MEIO AMBIENTE<\/a><\/h3>\n\n\n\n<p>A causa ambiental \u00e9 outra pauta que voltou com for\u00e7a. Entre os avan\u00e7os neste in\u00edcio de governo na Secretaria Municipal do Meio Ambiente est\u00e1 a finaliza\u00e7\u00e3o do Plano de Saneamento B\u00e1sico, t\u00e3o importante para que o munic\u00edpio realize uma requalifica\u00e7\u00e3o no sistema de drenagem, esgoto cloacal, gest\u00e3o de res\u00edduos s\u00f3lidos e qualidade da \u00e1gua. Com o lan\u00e7amento do Programa Ecocidadania, em parceria com a Secretaria de Educa\u00e7\u00e3o, que aborda a educa\u00e7\u00e3o ambiental tendo como base a plataforma de a\u00e7\u00e3o da Agenda 2030 para o Desenvolvimento Sustent\u00e1vel, da ONU, a gest\u00e3o pensa no fortalecimento da conscientiza\u00e7\u00e3o ambiental. Os n\u00fameros da pasta mostram, ainda, que s\u00f3 nestes tr\u00eas primeiros meses, foram recolhidas mais de 30 toneladas de res\u00edduos volumosos em Canela, como m\u00f3veis, eletrodom\u00e9sticos, entre outros objetos nas ruas e bairros da cidade. Tamb\u00e9m teve a amplia\u00e7\u00e3o para 17 ecopontos de recolhimento de \u00f3leo e 50 para vidro, promovendo descarte correto e educa\u00e7\u00e3o ambiental. A \u00faltima boa not\u00edcia da pasta \u00e9 a retomada, ap\u00f3s quase um ano, da coleta de res\u00edduos verdes \u2014 um avan\u00e7o na gest\u00e3o ambiental do munic\u00edpio.<\/p>\n\n\n\n<h3 class=\"wp-block-heading\"><a href=\"https:\/\/canela.rs.gov.br\/sitenovo\/smtc\/\" data-type=\"page\" data-id=\"300\">TURISMO<\/a><\/h3>\n\n\n\n<p>A cidade de Canela \u00e9 conhecida por sua beleza, tradi\u00e7\u00e3o e tamb\u00e9m por ser a Capital Nacional dos Parques Tem\u00e1ticos. Atualmente a cidade disp\u00f5e de uma ampla estrutura hoteleira e gastron\u00f4mica contando com 55 hot\u00e9is e 110 restaurantes, oferecendo lazer e sabor aos turistas que por aqui passam. Apesar do pouco tempo, j\u00e1 ocorreram mudan\u00e7as significativas na \u00e1rea tur\u00edstica, como a apresenta\u00e7\u00e3o antecipada do Calend\u00e1rio de Eventos da cidade, que foi muito bem recebida pelo trade tur\u00edstico. Ressaltando a P\u00e1scoa em Canela, que abriu a temporada de eventos, resgatando a cultura, a religiosidade e o envolvimento de toda a comunidade, preservando o lado l\u00fadico que a data proporciona. Outro fator de destaque \u00e9 o retorno do Festival de Teatro de Bonecos, que voltar\u00e1 a acontecer neste ano no m\u00eas de outubro, al\u00e9m da repagina\u00e7\u00e3o do tradicional Sonho de Natal, que promete contar com muitas novidades na pr\u00f3xima edi\u00e7\u00e3o, e a cria\u00e7\u00e3o da Semana dos Namorados, que acontecer\u00e1 em junho. O Munic\u00edpio retomou, tamb\u00e9m, o Observat\u00f3rio Tur\u00edstico, em parceria com a UCS, para coleta e an\u00e1lise de dados estrat\u00e9gicos do setor. \u201cQueremos fomentar o turismo de Canela, gerando mais empregos e desenvolvimento para a cidade\u201d, ressalta Gilberto.<\/p>\n\n\n\n<h3 class=\"wp-block-heading\"><a href=\"https:\/\/canela.rs.gov.br\/sitenovo\/smosua\/\" data-type=\"page\" data-id=\"302\">OBRAS<\/a><\/h3>\n\n\n\n<p>Investimentos na limpeza e infraestrutura da cidade tamb\u00e9m foram realizados de forma intensa, nestes 100 dias. Al\u00e9m das in\u00fameras ro\u00e7adas, restaura\u00e7\u00f5es nos letreiros e pergolados e reformas nas Escolas do munic\u00edpio. Somente neste primeiro trimestre houve uma grande restaura\u00e7\u00e3o e recapeamento das vias, com a utiliza\u00e7\u00e3o de 39 toneladas de asfalto.<\/p>\n\n\n\n<h3 class=\"wp-block-heading\"><a href=\"https:\/\/canela.rs.gov.br\/sitenovo\/smttf\/\" data-type=\"page\" data-id=\"298\">TR\u00c2NSITO<\/a><\/h3>\n\n\n\n<p>Com o objetivo de tornar o tr\u00e2nsito mais seguro para motoristas e pedestres, a Secretaria de Tr\u00e2nsito realizou uma grande restaura\u00e7\u00e3o da sinaliza\u00e7\u00e3o vi\u00e1ria, que no primeiro momento abrangeu dois mil metros quadrados. Al\u00e9m da Opera\u00e7\u00e3o Poste Limpo onde nas duas primeiras etapas j\u00e1 conclu\u00eddas, foram removidas cerca de 3 toneladas de fios inativos dos postes nas ruas centrais da cidade. \u201cEsta importante Opera\u00e7\u00e3o visa proporcionar um Centro mais atrativo, belo e seguro para comunidade e turistas\u201d, enfatiza o prefeito.<\/p>\n\n\n\n<h3 class=\"wp-block-heading\"><a href=\"https:\/\/canela.rs.gov.br\/sitenovo\/smfde\/\" data-type=\"page\" data-id=\"288\">FAZENDA<\/a><\/h3>\n\n\n\n<p>Receber melhor o contribuinte tamb\u00e9m \u00e9 um compromisso desta gest\u00e3o. A instala\u00e7\u00e3o do totem digital para atendimento na recep\u00e7\u00e3o, com gerenciador de senhas com identifica\u00e7\u00e3o dos servi\u00e7os, tem como objetivo facilitar e desburocratizar o atendimento \u00e0 comunidade. Outro passo importante realizado pela Secretaria da Fazenda neste sentido \u00e9 o estudo para digitaliza\u00e7\u00e3o dos processos no atendimento.<\/p>\n\n\n\n<h3 class=\"wp-block-heading\"><a href=\"https:\/\/canela.rs.gov.br\/sitenovo\/smgp\/\" data-type=\"page\" data-id=\"286\">GEST\u00c3O P\u00daBLICA<\/a><\/h3>\n\n\n\n<p>E para que tudo continue em pleno desenvolvimento \u00e9 necess\u00e1rio o investimento em gest\u00e3o. E pensando em facilitar e agilizar os processos administrativos foi criado o Comit\u00ea \u201cSimplifica Canela\u201d, que conta com a participa\u00e7\u00e3o de profissionais com perfil e interesse em melhoria da gest\u00e3o, iniciado com a participa\u00e7\u00e3o de secret\u00e1rios adjuntos e diretores e, posteriormente, com servidores de diferentes \u00e1reas e departamentos. Al\u00e9m do desenvolvimento do novo site oficial do Munic\u00edpio, atrav\u00e9s do <a href=\"https:\/\/canela.rs.gov.br\/sitenovo\/smgp\/dmti\/\" data-type=\"page\" data-id=\"639\">Departamento de Moderniza\u00e7\u00e3o e Tecnologia da Informa\u00e7\u00e3o<\/a>, que trar\u00e1 mais transpar\u00eancia, maior acessibilidade e comunica\u00e7\u00e3o eficiente com a comunidade. Al\u00e9m da centraliza\u00e7\u00e3o de informa\u00e7\u00f5es sobre a administra\u00e7\u00e3o municipal, contendo atos oficiais, servi\u00e7os p\u00fablicos e estrutura administrativa. A pasta tamb\u00e9m concluiu 44 admiss\u00f5es de concursados aprovados no concurso de 2023 e que estavam na lista de espera.<\/p>\n\n\n\n<h3 class=\"wp-block-heading\"><a href=\"https:\/\/canela.rs.gov.br\/sitenovo\/smadsch\/\" data-type=\"page\" data-id=\"294\">ASSIST\u00caNCIA SOCIAL<\/a><\/h3>\n\n\n\n<p>A preocupa\u00e7\u00e3o com a quest\u00e3o social tamb\u00e9m \u00e9 prioridade na gest\u00e3o. Dessa forma, a Prefeitura de Canela, desde os primeiros dias de governo, acelerou a constru\u00e7\u00e3o das casas do Loteamento Recome\u00e7ar, no bairro S\u00e3o Lucas, que receber\u00e1 as 66 fam\u00edlias canelenses que foram desabrigadas ap\u00f3s os eventos clim\u00e1ticos que assolaram o Rio Grande do Sul em 2024 e causaram estragos no munic\u00edpio. Tamb\u00e9m foi realizada a concess\u00e3o de aluguel social a 26 fam\u00edlias, gerando economia mensal de R$ 194.100,00 em rela\u00e7\u00e3o aos custos com abrigos. Outra a\u00e7\u00e3o importante da pasta foi a a\u00e7\u00e3o de varredura no Cadastro \u00danico e Programa Bolsa Fam\u00edlia, realizando a revis\u00e3o completa dos cadastros, garantindo que os benef\u00edcios cheguem a quem realmente precisa.<\/p>\n\n\n\n<h3 class=\"wp-block-heading\"><a href=\"https:\/\/canela.rs.gov.br\/sitenovo\/sgg\/\" data-type=\"page\" data-id=\"284\">GOVERNO<\/a><\/h3>\n\n\n\n<p>A Secretaria-Geral de Governo tamb\u00e9m alcan\u00e7ou grandes feitos em 100 dias de nova administra\u00e7\u00e3o como: a conquista de prazo e protocolo do Projeto da Rota Panor\u00e2mica no Minist\u00e9rio da Integra\u00e7\u00e3o e Desenvolvimento Regional (MIDR), estando o processo em an\u00e1lise t\u00e9cnica junto ao MIDR; desenvolvimento e encaminhamento de projetos importantes como: Fornos da Pra\u00e7a, Centro Esportivo do bairro Santa Marta, reforma do Centro de Feiras, novo Caps Canelinha e UBS Leodoro de Azevedo; conclus\u00e3o de projeto e in\u00edcio de obras na Pra\u00e7a Ildo Meneghetti, no bairro<br>Boeira, e Rua Borges de Medeiros; fiscaliza\u00e7\u00e3o e conclus\u00e3o de obras na Rua Ruy Viana Rocha, na Rua Homero Pacheco, e na Rua Presidente Jo\u00e3o Goulart. A pasta tamb\u00e9m teve atua\u00e7\u00e3o em conjunto com o Gabinete do Prefeito no pleito referente ao Parque do Pal\u00e1cio e cadastrou R$ 12.570.000 em projetos no Novo Programa de Acelera\u00e7\u00e3o do Crescimento (PAC) para: nova Escola Infantil no bairro S\u00e3o Rafael, Centro Esportivo no bairro S\u00e3o Rafael, conten\u00e7\u00e3o de encostas e nova UBS Canelinha\/S\u00e3o Rafael.<\/p>\n\n\n\n<h3 class=\"wp-block-heading\"><a href=\"https:\/\/canela.rs.gov.br\/sitenovo\/gabinete-do-prefeito\/pgm\/\" data-type=\"page\" data-id=\"304\">PROCURADORIA-GERAL DO MUNIC\u00cdPIO (PGM)<\/a><\/h3>\n\n\n\n<p>A Procuradoria-Geral do Munic\u00edpio (PGM) \u00e9 um setor de extrema import\u00e2ncia na estrutura do governo, representando judicial e extrajudicial o Munic\u00edpio, emitindo pareceres e informa\u00e7\u00f5es, na forma da lei, entre outras fun\u00e7\u00f5es. Nos primeiros 100 dias de administra\u00e7\u00e3o, a PGM reestruturou o corpo jur\u00eddico para atuar com maior efici\u00eancia e agilidade com a movimenta\u00e7\u00e3o de pareceres em mais de 600 processos administrativos; criou a nova lei do aluguel social, com suporte \u00e0 regulariza\u00e7\u00e3o e implanta\u00e7\u00e3o do Loteamento Recome\u00e7ar; realizou a gest\u00e3o jur\u00eddica de 4,6 mil processos judiciais; e fez um pente-fino nos autos de infra\u00e7\u00e3o ambiental, impedindo a prescri\u00e7\u00e3o, com expectativa de receita de aproximadamente R$ 1.518,000,00.<\/p>\n\n\n\n<h4 class=\"wp-block-heading\">Presen\u00e7a, di\u00e1logo e representatividade<\/h4>\n\n\n\n<p>Fortalecendo o di\u00e1logo e rela\u00e7\u00e3o entre o Munic\u00edpio de Canela, Estado e Uni\u00e3o, o prefeito de Canela, Gilberto Cezar, visitou mais de 14 deputados, entre estaduais e federais, 11 secret\u00e1rios estaduais, tr\u00eas reuni\u00f5es com o governador Eduardo Leite e dois ministros de Estado.<\/p>\n\n\n\n<figure class=\"wp-block-image size-large\"><img fetchpriority=\"high\" decoding=\"async\" width=\"1024\" height=\"683\" src=\"https:\/\/canela.rs.gov.br\/sitenovo\/wp-content\/uploads\/2025\/04\/IMG_1839-1-1536x1024-1-1024x683.jpg\" alt=\"\" class=\"wp-image-5237\" srcset=\"https:\/\/canela.rs.gov.br\/sitenovo\/wp-content\/uploads\/2025\/04\/IMG_1839-1-1536x1024-1-1024x683.jpg 1024w, https:\/\/canela.rs.gov.br\/sitenovo\/wp-content\/uploads\/2025\/04\/IMG_1839-1-1536x1024-1-300x200.jpg 300w, https:\/\/canela.rs.gov.br\/sitenovo\/wp-content\/uploads\/2025\/04\/IMG_1839-1-1536x1024-1-768x512.jpg 768w, https:\/\/canela.rs.gov.br\/sitenovo\/wp-content\/uploads\/2025\/04\/IMG_1839-1-1536x1024-1.jpg 1536w\" sizes=\"(max-width: 1024px) 100vw, 1024px\" \/><\/figure>\n","protected":false},"excerpt":{"rendered":"<p>Trabalho, compromisso e transpar\u00eancia. Ancorada nestas premissas, a administra\u00e7\u00e3o municipal de Canela, liderada pelo prefeito Gilberto Cezar e o vice-prefeito Gilberto Tegner, elencou 50 das principais a\u00e7\u00f5es e os avan\u00e7os constru\u00eddos nestes 100 primeiros dias de governo. A apresenta\u00e7\u00e3o aconteceu na manh\u00e3 desta sexta-feira, dia 11, no Centro Integrado de Desenvolvimento e Inova\u00e7\u00e3o de Canela [&hellip;]<\/p>\n","protected":false},"author":3,"featured_media":5238,"comment_status":"open","ping_status":"open","sticky":false,"template":"","format":"standard","meta":{"footnotes":""},"categories":[164,38,40],"tags":[],"class_list":["post-5236","post","type-post","status-publish","format-standard","has-post-thumbnail","hentry","category-destaque","category-post_gabinete-do-prefeito","category-vice-prefeito"],"_links":{"self":[{"href":"https:\/\/canela.rs.gov.br\/sitenovo\/wp-json\/wp\/v2\/posts\/5236","targetHints":{"allow":["GET"]}}],"collection":[{"href":"https:\/\/canela.rs.gov.br\/sitenovo\/wp-json\/wp\/v2\/posts"}],"about":[{"href":"https:\/\/canela.rs.gov.br\/sitenovo\/wp-json\/wp\/v2\/types\/post"}],"author":[{"embeddable":true,"href":"https:\/\/canela.rs.gov.br\/sitenovo\/wp-json\/wp\/v2\/users\/3"}],"replies":[{"embeddable":true,"href":"https:\/\/canela.rs.gov.br\/sitenovo\/wp-json\/wp\/v2\/comments?post=5236"}],"version-history":[{"count":1,"href":"https:\/\/canela.rs.gov.br\/sitenovo\/wp-json\/wp\/v2\/posts\/5236\/revisions"}],"predecessor-version":[{"id":5239,"href":"https:\/\/canela.rs.gov.br\/sitenovo\/wp-json\/wp\/v2\/posts\/5236\/revisions\/5239"}],"wp:featuredmedia":[{"embeddable":true,"href":"https:\/\/canela.rs.gov.br\/sitenovo\/wp-json\/wp\/v2\/media\/5238"}],"wp:attachment":[{"href":"https:\/\/canela.rs.gov.br\/sitenovo\/wp-json\/wp\/v2\/media?parent=5236"}],"wp:term":[{"taxonomy":"category","embeddable":true,"href":"https:\/\/canela.rs.gov.br\/sitenovo\/wp-json\/wp\/v2\/categories?post=5236"},{"taxonomy":"post_tag","embeddable":true,"href":"https:\/\/canela.rs.gov.br\/sitenovo\/wp-json\/wp\/v2\/tags?post=5236"}],"curies":[{"name":"wp","href":"https:\/\/api.w.org\/{rel}","templated":true}]}}