{"id":4816,"date":"2025-04-02T08:11:00","date_gmt":"2025-04-02T11:11:00","guid":{"rendered":"https:\/\/canela.rs.gov.br\/sitenovo\/?p=4816"},"modified":"2025-04-03T16:59:09","modified_gmt":"2025-04-03T19:59:09","slug":"comemoracoes-em-alusao-ao-dia-mundial-do-autismo-em-canela","status":"publish","type":"post","link":"https:\/\/canela.rs.gov.br\/sitenovo\/comemoracoes-em-alusao-ao-dia-mundial-do-autismo-em-canela\/","title":{"rendered":"Comemora\u00e7\u00f5es em alus\u00e3o ao Dia Mundial do Autismo em Canela"},"content":{"rendered":"\n<p>Em alus\u00e3o ao Dia Mundial de Conscientiza\u00e7\u00e3o do Autismo, celebrado nesta quarta-feira, dia 2 de abril, a Secretaria da Educa\u00e7\u00e3o, Esporte e Lazer de Canela, por meio da Escola Municipal de Ensino Infantil e Fundamental Especial Rodolfo Schlieper, em parceria com o Centro de Aten\u00e7\u00e3o e Desenvolvimento Integral ao Estudante (CADIE), realizar\u00e1 v\u00e1rias a\u00e7\u00f5es de conscientiza\u00e7\u00e3o durante todo o m\u00eas de abril nas institui\u00e7\u00f5es de ensino do munic\u00edpio.<\/p>\n\n\n\n<p>Iniciando as a\u00e7\u00f5es, as institui\u00e7\u00f5es convidam toda a comunidade a vestir azul amanh\u00e3, 2, em alus\u00e3o a data. Conforme a coordenadora da Educa\u00e7\u00e3o Especial Inclusiva, Alexandra Renck, a cor foi escolhida porque o autismo \u00e9 mais diagnosticado em meninos, e o azul tornou-se um s\u00edmbolo de visibilidade e apoio \u00e0 causa. \u201cAl\u00e9m disso, representa calma, confian\u00e7a e seguran\u00e7a \u2013 valores essenciais para construirmos um mundo mais acolhedor para todos\u201d, complementa.<\/p>\n\n\n\n<h3 class=\"wp-block-heading\"><strong>SOBRE O AUTISMO<\/strong><\/h3>\n\n\n\n<p>O Autismo ou Transtorno do Espectro Autista (TEA) \u00e9 um transtorno do neurodesenvolvimento, que se caracteriza principalmente pela dificuldade de comunica\u00e7\u00e3o, intera\u00e7\u00e3o social e tamb\u00e9m, pela presen\u00e7a de comportamentos repetitivos e\/ou interesses restritos.<\/p>\n\n\n\n<h3 class=\"wp-block-heading\"><strong>ALGUMAS CARACTER\u00cdSTICAS DE PESSOAS COM TEA<\/strong><\/h3>\n\n\n\n<ul class=\"wp-block-list\">\n<li>Em alguns casos, pouco ou nenhum contato visual.<\/li>\n\n\n\n<li>Podem se sentir desconfort\u00e1veis em situa\u00e7\u00f5es sociais ou locais lotados.<\/li>\n\n\n\n<li>Dificuldade na comunica\u00e7\u00e3o e para expressar ideias.<\/li>\n\n\n\n<li>Altera\u00e7\u00f5es sensoriais como: som, luz, texturas, cores e etc.<\/li>\n\n\n\n<li>Presen\u00e7a de movimentos repetitivos e estereotipados, como balan\u00e7ar ou girar o corpo. Interesses restritos a determinados assuntos.<\/li>\n<\/ul>\n\n\n\n<h3 class=\"wp-block-heading\"><strong>PROGRAMA\u00c7\u00c3O<\/strong><\/h3>\n\n\n\n<p>Durante o m\u00eas de abril e primeira quinzena de maio, a Secretaria de Educa\u00e7\u00e3o promover\u00e1 palestras sobro o TEA, nas seguintes escolas:<br>02\/04 \u2013 10h30 na Rodolfo (Dia Mundial de Conscientiza\u00e7\u00e3o do Autismo)<br>10\/04 \u2013 14h na Jo\u00e3o Alfredo<br>14\/04 \u2013 14h na Santa Terezinha<br>28\/04 \u2013 14h na Bertholdo<br>05\/05 \u2013 14h na Dante<br>12\/05 \u2013 14h na Severino<\/p>\n\n\n\n<h3 class=\"wp-block-heading\"><strong>CARREATA<\/strong><\/h3>\n\n\n\n<p>Tamb\u00e9m em alus\u00e3o \u00e0 data, a Associa\u00e7\u00e3o de Pais e Amigos dos Autistas (AMA) da Regi\u00e3o das Hort\u00eansias realizar\u00e1 uma carreata neste s\u00e1bado, dia 5, com in\u00edcio \u00e0s 9 horas, saindo da Igreja Matriz e seguindo at\u00e9 o P\u00f3rtico de Gramado (Bairro V\u00e1rzea Grande).<br>A Secretaria de Tr\u00e2nsito alerta que em virtude deste evento a via Pra\u00e7a da Matriz, em frente a Casa Paroquial, ser\u00e1 bloqueada pelos agentes de tr\u00e2nsito, das 8h15 \u00e0s 9h10. O evento acontecer\u00e1 mesmo em caso de chuva.<\/p>\n\n\n\n<figure class=\"wp-block-image size-large\"><img fetchpriority=\"high\" decoding=\"async\" width=\"576\" height=\"1024\" src=\"https:\/\/canela.rs.gov.br\/sitenovo\/wp-content\/uploads\/2025\/04\/Informe-2-1-576x1024.jpeg\" alt=\"\" class=\"wp-image-4817\" srcset=\"https:\/\/canela.rs.gov.br\/sitenovo\/wp-content\/uploads\/2025\/04\/Informe-2-1-576x1024.jpeg 576w, https:\/\/canela.rs.gov.br\/sitenovo\/wp-content\/uploads\/2025\/04\/Informe-2-1-169x300.jpeg 169w, https:\/\/canela.rs.gov.br\/sitenovo\/wp-content\/uploads\/2025\/04\/Informe-2-1-768x1365.jpeg 768w, https:\/\/canela.rs.gov.br\/sitenovo\/wp-content\/uploads\/2025\/04\/Informe-2-1-864x1536.jpeg 864w, https:\/\/canela.rs.gov.br\/sitenovo\/wp-content\/uploads\/2025\/04\/Informe-2-1.jpeg 900w\" sizes=\"(max-width: 576px) 100vw, 576px\" \/><\/figure>\n","protected":false},"excerpt":{"rendered":"<p>Em alus\u00e3o ao Dia Mundial de Conscientiza\u00e7\u00e3o do Autismo, celebrado nesta quarta-feira, dia 2 de abril, a Secretaria da Educa\u00e7\u00e3o, Esporte e Lazer de Canela, por meio da Escola Municipal de Ensino Infantil e Fundamental Especial Rodolfo Schlieper, em parceria com o Centro de Aten\u00e7\u00e3o e Desenvolvimento Integral ao Estudante (CADIE), realizar\u00e1 v\u00e1rias a\u00e7\u00f5es de [&hellip;]<\/p>\n","protected":false},"author":3,"featured_media":4818,"comment_status":"open","ping_status":"open","sticky":false,"template":"","format":"standard","meta":{"footnotes":""},"categories":[45],"tags":[],"class_list":["post-4816","post","type-post","status-publish","format-standard","has-post-thumbnail","hentry","category-post_educacao"],"_links":{"self":[{"href":"https:\/\/canela.rs.gov.br\/sitenovo\/wp-json\/wp\/v2\/posts\/4816","targetHints":{"allow":["GET"]}}],"collection":[{"href":"https:\/\/canela.rs.gov.br\/sitenovo\/wp-json\/wp\/v2\/posts"}],"about":[{"href":"https:\/\/canela.rs.gov.br\/sitenovo\/wp-json\/wp\/v2\/types\/post"}],"author":[{"embeddable":true,"href":"https:\/\/canela.rs.gov.br\/sitenovo\/wp-json\/wp\/v2\/users\/3"}],"replies":[{"embeddable":true,"href":"https:\/\/canela.rs.gov.br\/sitenovo\/wp-json\/wp\/v2\/comments?post=4816"}],"version-history":[{"count":1,"href":"https:\/\/canela.rs.gov.br\/sitenovo\/wp-json\/wp\/v2\/posts\/4816\/revisions"}],"predecessor-version":[{"id":4819,"href":"https:\/\/canela.rs.gov.br\/sitenovo\/wp-json\/wp\/v2\/posts\/4816\/revisions\/4819"}],"wp:featuredmedia":[{"embeddable":true,"href":"https:\/\/canela.rs.gov.br\/sitenovo\/wp-json\/wp\/v2\/media\/4818"}],"wp:attachment":[{"href":"https:\/\/canela.rs.gov.br\/sitenovo\/wp-json\/wp\/v2\/media?parent=4816"}],"wp:term":[{"taxonomy":"category","embeddable":true,"href":"https:\/\/canela.rs.gov.br\/sitenovo\/wp-json\/wp\/v2\/categories?post=4816"},{"taxonomy":"post_tag","embeddable":true,"href":"https:\/\/canela.rs.gov.br\/sitenovo\/wp-json\/wp\/v2\/tags?post=4816"}],"curies":[{"name":"wp","href":"https:\/\/api.w.org\/{rel}","templated":true}]}}