{"id":4804,"date":"2025-04-01T16:39:00","date_gmt":"2025-04-01T19:39:00","guid":{"rendered":"https:\/\/canela.rs.gov.br\/sitenovo\/?p=4804"},"modified":"2025-04-03T16:13:55","modified_gmt":"2025-04-03T19:13:55","slug":"programa-ecocidadania-e-apresentado-aos-gestores-municipais","status":"publish","type":"post","link":"https:\/\/canela.rs.gov.br\/sitenovo\/programa-ecocidadania-e-apresentado-aos-gestores-municipais\/","title":{"rendered":"Programa Ecocidadania \u00e9 apresentado aos gestores municipais"},"content":{"rendered":"\n<p>Programa Ecocidadania \u00e9 apresentado aos gestores municipais<strong><br><\/strong><br>O Programa Ecocidadania, desenvolvido em conjunto pela Secretaria Municipal de Educa\u00e7\u00e3o, Esporte e Lazer e pela Secretaria de Meio Ambiente e Urbanismo, foi apresentado para os gestores das demais pastas da Prefeitura de Canela nesta segunda-feira, dia 31. O objetivo foi debater e trazer todos os segmentos da administra\u00e7\u00e3o municipal para atua\u00e7\u00e3o no \u00e2mbito do Programa.<\/p>\n\n\n\n<p>Na ocasi\u00e3o, o secret\u00e1rio Carlos Frozi falou sobre cada Objetivo de Desenvolvimento Sustent\u00e1vel (ODS), da Agenda 2023, da ONU, contextualizando o cen\u00e1rio global e trazendo para a realidade local atual. Tamb\u00e9m relatou brevemente o hist\u00f3rico de protagonismo e pioneirismo que Canela j\u00e1 teve em mat\u00e9ria ambiental.<\/p>\n\n\n\n<p>A secret\u00e1ria da Educa\u00e7\u00e3o, Maria Gorete Rodrigues da Silva, apresentou os objetivos do Programa e como ele est\u00e1 estruturado, com os tr\u00eas eixos de atua\u00e7\u00e3o: o Curricular, o Territ\u00f3rio Educativo e a Gest\u00e3o Ambiental, e relatou o que j\u00e1 est\u00e1 em andamento. Ap\u00f3s as apresenta\u00e7\u00f5es iniciais, os presentes manifestaram suas impress\u00f5es sobre os temas e contribu\u00edram a partir do conhecimento dos \u00f3rg\u00e3os e institui\u00e7\u00f5es onde atuam. \u201cEste encontro proporcionou um breve di\u00e1logo de como as diferentes responsabilidades se relacionam, ficou compreendido que todos setores est\u00e3o inseridos nas quest\u00f5es ambientais, por isso devem atuar juntos\u201d, avalia Gorete.<\/p>\n","protected":false},"excerpt":{"rendered":"<p>Programa Ecocidadania \u00e9 apresentado aos gestores municipaisO Programa Ecocidadania, desenvolvido em conjunto pela Secretaria Municipal de Educa\u00e7\u00e3o, Esporte e Lazer e pela Secretaria de Meio Ambiente e Urbanismo, foi apresentado para os gestores das demais pastas da Prefeitura de Canela nesta segunda-feira, dia 31. O objetivo foi debater e trazer todos os segmentos da administra\u00e7\u00e3o [&hellip;]<\/p>\n","protected":false},"author":3,"featured_media":4805,"comment_status":"open","ping_status":"open","sticky":false,"template":"","format":"standard","meta":{"footnotes":""},"categories":[45,48],"tags":[],"class_list":["post-4804","post","type-post","status-publish","format-standard","has-post-thumbnail","hentry","category-post_educacao","category-post_meio-ambiente"],"_links":{"self":[{"href":"https:\/\/canela.rs.gov.br\/sitenovo\/wp-json\/wp\/v2\/posts\/4804","targetHints":{"allow":["GET"]}}],"collection":[{"href":"https:\/\/canela.rs.gov.br\/sitenovo\/wp-json\/wp\/v2\/posts"}],"about":[{"href":"https:\/\/canela.rs.gov.br\/sitenovo\/wp-json\/wp\/v2\/types\/post"}],"author":[{"embeddable":true,"href":"https:\/\/canela.rs.gov.br\/sitenovo\/wp-json\/wp\/v2\/users\/3"}],"replies":[{"embeddable":true,"href":"https:\/\/canela.rs.gov.br\/sitenovo\/wp-json\/wp\/v2\/comments?post=4804"}],"version-history":[{"count":1,"href":"https:\/\/canela.rs.gov.br\/sitenovo\/wp-json\/wp\/v2\/posts\/4804\/revisions"}],"predecessor-version":[{"id":4806,"href":"https:\/\/canela.rs.gov.br\/sitenovo\/wp-json\/wp\/v2\/posts\/4804\/revisions\/4806"}],"wp:featuredmedia":[{"embeddable":true,"href":"https:\/\/canela.rs.gov.br\/sitenovo\/wp-json\/wp\/v2\/media\/4805"}],"wp:attachment":[{"href":"https:\/\/canela.rs.gov.br\/sitenovo\/wp-json\/wp\/v2\/media?parent=4804"}],"wp:term":[{"taxonomy":"category","embeddable":true,"href":"https:\/\/canela.rs.gov.br\/sitenovo\/wp-json\/wp\/v2\/categories?post=4804"},{"taxonomy":"post_tag","embeddable":true,"href":"https:\/\/canela.rs.gov.br\/sitenovo\/wp-json\/wp\/v2\/tags?post=4804"}],"curies":[{"name":"wp","href":"https:\/\/api.w.org\/{rel}","templated":true}]}}