{"id":4790,"date":"2025-04-01T09:19:00","date_gmt":"2025-04-01T12:19:00","guid":{"rendered":"https:\/\/canela.rs.gov.br\/sitenovo\/?p=4790"},"modified":"2025-04-03T16:01:30","modified_gmt":"2025-04-03T19:01:30","slug":"escola-municipal-machado-de-assis-em-canela-completa-82-anos","status":"publish","type":"post","link":"https:\/\/canela.rs.gov.br\/sitenovo\/escola-municipal-machado-de-assis-em-canela-completa-82-anos\/","title":{"rendered":"Escola Municipal Machado de Assis, em Canela, completa 82 anos"},"content":{"rendered":"\n<p>A Escola Municipal de Ensino de Educa\u00e7\u00e3o Infantil e Ensino Fundamental, Machado de Assis, localizada no bairro Caracol, em Canela, completou 82 anos no \u00faltimo domingo, dia 30. A institui\u00e7\u00e3o foi fundada em 30 de mar\u00e7o de 1943 e tem como filosofia \u201cEducar para a cidadania, conscientiza\u00e7\u00e3o social, respeito e conviv\u00eancia com a diversidade, promovendo a pol\u00edtica de igualdade e a \u00e9tica da identidade\u201d.<\/p>\n\n\n\n<p>Atualmente atende 28 alunos no turno da tarde, do pr\u00e9 ao 9\u00ba ano, sendo estas turmas multisseriadas, ou seja, onde alunos de diferentes idades e anos estudam juntos. O educand\u00e1rio conta com a dire\u00e7\u00e3o de Grasiela Faes Schwaizer e uma equipe composta por quatro professores e uma merendeira.<\/p>\n\n\n\n<p>O nome da institui\u00e7\u00e3o, Machado de Assis, \u00e9 uma homenagem ao escritor brasileiro. De origem humilde, lutou muito desde pequeno para ganhar a vida, trabalhou em jornais, e tipografia. Foi um dos fundadores da Academia Brasileira de Letras. Escreveu famosos romances, poesias, cr\u00f4nicas, dramas e com\u00e9dias.<\/p>\n\n\n\n<p>Os principais projetos da escola s\u00e3o: \u201cMeio Ambiente revitaliza\u00e7\u00e3o do meio\u201d, tendo como objetivo desenvolver o senso cr\u00edtico e a cidadania atrav\u00e9s de a\u00e7\u00f5es voltadas \u00e0 melhoria da comunidade em que est\u00e3o inseridos; \u201cEduca\u00e7\u00e3o Fiscal e Cidadania\u201d, que visa destacar a relev\u00e2ncia do conhecimento sobre Educa\u00e7\u00e3o Fiscal para forma\u00e7\u00e3o do cidad\u00e3o; al\u00e9m de outros projetos como Cultura Afro-Brasileira e Ind\u00edgena, Banda de percuss\u00e3o e horta escolar. Conforme a diretora, a escola procura desenvolver trabalhos baseados no interesse dos alunos, dentro da realidade da comunidade.<\/p>\n\n\n\n<h3 class=\"wp-block-heading\"><strong>PROGRAMA\u00c7\u00c3O<\/strong><\/h3>\n\n\n\n<p>Na tarde da segunda-feira, dia 31, a Escola contou com uma programa\u00e7\u00e3o especial em comemora\u00e7\u00e3o ao anivers\u00e1rio. Abrindo o ato festivo, foi cantado o hino da institui\u00e7\u00e3o. A secret\u00e1ria municipal da Educa\u00e7\u00e3o professora dra. Maria Gorete Rodrigues da Silva prestigiou o evento e parabenizou a escola pela data, ressaltando a organiza\u00e7\u00e3o e a alegria transmitida pelas crian\u00e7as em estudarem na institui\u00e7\u00e3o de ensino.<\/p>\n\n\n\n<p>Ap\u00f3s, ocorreram apresenta\u00e7\u00f5es dos alunos com m\u00fasica e relato sobre a hist\u00f3ria da Escola. Na oportunidade, houve tamb\u00e9m a apresenta\u00e7\u00e3o do projeto \u201cSaber Caracol\u201d do Grupo Iter,\u00a0<em>holding<\/em>\u00a0que administra o Parque do Caracol, com parceria t\u00e9cnica do Instituto da Crian\u00e7a. A apresenta\u00e7\u00e3o foi realizada pela gerente-geral do atrativo, Sandra Ferraz, que ressaltou que a a\u00e7\u00e3o \u00e9 voltada ao p\u00fablico infantil e promover\u00e1 a educa\u00e7\u00e3o ambiental das comunidades no entorno do parque, que se destaca tamb\u00e9m por ser uma \u00e1rea de preserva\u00e7\u00e3o ambiental e ter um bioma diversificado.<\/p>\n","protected":false},"excerpt":{"rendered":"<p>A Escola Municipal de Ensino de Educa\u00e7\u00e3o Infantil e Ensino Fundamental, Machado de Assis, localizada no bairro Caracol, em Canela, completou 82 anos no \u00faltimo domingo, dia 30. A institui\u00e7\u00e3o foi fundada em 30 de mar\u00e7o de 1943 e tem como filosofia \u201cEducar para a cidadania, conscientiza\u00e7\u00e3o social, respeito e conviv\u00eancia com a diversidade, promovendo [&hellip;]<\/p>\n","protected":false},"author":3,"featured_media":4792,"comment_status":"open","ping_status":"open","sticky":false,"template":"","format":"standard","meta":{"footnotes":""},"categories":[45],"tags":[],"class_list":["post-4790","post","type-post","status-publish","format-standard","has-post-thumbnail","hentry","category-post_educacao"],"_links":{"self":[{"href":"https:\/\/canela.rs.gov.br\/sitenovo\/wp-json\/wp\/v2\/posts\/4790","targetHints":{"allow":["GET"]}}],"collection":[{"href":"https:\/\/canela.rs.gov.br\/sitenovo\/wp-json\/wp\/v2\/posts"}],"about":[{"href":"https:\/\/canela.rs.gov.br\/sitenovo\/wp-json\/wp\/v2\/types\/post"}],"author":[{"embeddable":true,"href":"https:\/\/canela.rs.gov.br\/sitenovo\/wp-json\/wp\/v2\/users\/3"}],"replies":[{"embeddable":true,"href":"https:\/\/canela.rs.gov.br\/sitenovo\/wp-json\/wp\/v2\/comments?post=4790"}],"version-history":[{"count":1,"href":"https:\/\/canela.rs.gov.br\/sitenovo\/wp-json\/wp\/v2\/posts\/4790\/revisions"}],"predecessor-version":[{"id":4793,"href":"https:\/\/canela.rs.gov.br\/sitenovo\/wp-json\/wp\/v2\/posts\/4790\/revisions\/4793"}],"wp:featuredmedia":[{"embeddable":true,"href":"https:\/\/canela.rs.gov.br\/sitenovo\/wp-json\/wp\/v2\/media\/4792"}],"wp:attachment":[{"href":"https:\/\/canela.rs.gov.br\/sitenovo\/wp-json\/wp\/v2\/media?parent=4790"}],"wp:term":[{"taxonomy":"category","embeddable":true,"href":"https:\/\/canela.rs.gov.br\/sitenovo\/wp-json\/wp\/v2\/categories?post=4790"},{"taxonomy":"post_tag","embeddable":true,"href":"https:\/\/canela.rs.gov.br\/sitenovo\/wp-json\/wp\/v2\/tags?post=4790"}],"curies":[{"name":"wp","href":"https:\/\/api.w.org\/{rel}","templated":true}]}}