{"id":4762,"date":"2025-03-27T15:59:00","date_gmt":"2025-03-27T18:59:00","guid":{"rendered":"https:\/\/canela.rs.gov.br\/sitenovo\/?p=4762"},"modified":"2025-04-03T15:47:05","modified_gmt":"2025-04-03T18:47:05","slug":"rodolfo-schlieper-ha-47-anos-transformando-vidas-por-meio-da-educacao-e-da-inclusao","status":"publish","type":"post","link":"https:\/\/canela.rs.gov.br\/sitenovo\/rodolfo-schlieper-ha-47-anos-transformando-vidas-por-meio-da-educacao-e-da-inclusao\/","title":{"rendered":"Rodolfo Schlieper: h\u00e1 47 anos transformando vidas por meio da educa\u00e7\u00e3o e da inclus\u00e3o"},"content":{"rendered":"\n<p>A Escola Municipal de Educa\u00e7\u00e3o Infantil e Ensino Fundamental Especial Rodolfo Schlieper completa 47 anos no pr\u00f3ximo domingo, dia 30 de mar\u00e7o. S\u00e3o mais de quatro d\u00e9cadas desempenhando um papel fundamental na forma\u00e7\u00e3o e no desenvolvimento de crian\u00e7as com necessidades especiais em Canela.<\/p>\n\n\n\n<p>Atualmente a institui\u00e7\u00e3o \u00e9 dirigida pela professora Joseane Almeida e com a coordena\u00e7\u00e3o da professora Mariana Schaeffer, sendo utilizadas metodologias adaptadas, atendendo 86 alunos, dos quais 45 s\u00e3o autistas, nove com S\u00edndrome de Down, e alguns com defici\u00eancia intelectual e m\u00faltiplas.<\/p>\n\n\n\n<p>O educand\u00e1rio \u00e9 organizado por ciclos de aprendizagem, abrangendo desde o pr\u00e9 I at\u00e9 o 9\u00ba ano do Ensino Fundamental. Conforme a diretora, essa estrutura permite que cada estudante avance no seu pr\u00f3prio ritmo, recebendo suporte pedag\u00f3gico especializado adequado. Dessa forma, os professores e demais profissionais utilizam recursos diversificados para estimular o aprendizado e a autonomia dos alunos com estrat\u00e9gias como o uso de materiais visuais, comunica\u00e7\u00e3o alternativa, atividades sensoriais e tecnologias assistivas, que s\u00e3o aplicadas diariamente, sempre respeitando as particularidades de cada crian\u00e7a. \u201cNosso objetivo \u00e9 garantir que todos os alunos tenham acesso \u00e0 educa\u00e7\u00e3o de qualidade, desenvolvendo suas habilidades e promovendo sua independ\u00eancia\u201d, destaca Joseane, diretora da escola.<\/p>\n\n\n\n<p>A Associa\u00e7\u00e3o de Pais e Amigos dos Excepcionais (Apae) tamb\u00e9m \u00e9 sediada no mesmo local. E a parceria com esta institui\u00e7\u00e3o possibilita a realiza\u00e7\u00e3o de atividades diferenciadas dentro da escola, em hor\u00e1rio de aula, com oficineiros, al\u00e9m de a\u00e7\u00f5es como o Projeto Horta, j\u00e1 contemplado no PPP (Projeto Pol\u00edtico Pedag\u00f3gico da Escola), que tem sido uma ferramenta importante no ensino das crian\u00e7as. A associa\u00e7\u00e3o tamb\u00e9m fornece um instrutor para os ensaios do Departamento de Tradi\u00e7\u00f5es Ga\u00fachas (DTG), al\u00e9m de cinoterapia, t\u00e9cnica que consiste em usar um cachorro terapeuta como auxiliar de alguns tratamentos m\u00e9dicos, atrav\u00e9s de oficinas. Al\u00e9m de aulas de dan\u00e7a e m\u00fasica em turmas espec\u00edficas e ainda disponibiliza um profissional para esporte adaptado.<\/p>\n\n\n\n<p>Para o sucesso destas atividades, a dire\u00e7\u00e3o da Rodolfo Schlieper trabalha em constantes di\u00e1logos com a coordenadora das oficinas da Apae, Maria Cristina da Silva, para garantir a organiza\u00e7\u00e3o e o alinhamento das atividades.<\/p>\n\n\n\n<h3 class=\"wp-block-heading\"><strong>PROGRAMA\u00c7\u00c3O<\/strong><\/h3>\n\n\n\n<p>Durante toda esta semana, est\u00e1 acontecendo uma programa\u00e7\u00e3o especial alusiva ao anivers\u00e1rio da Escola, que contar\u00e1 com atividades como v\u00eddeo com todos alunos realizando homenagem, que ser\u00e1 postado no domingo, 30, data da comemora\u00e7\u00e3o. Al\u00e9m de trabalhos em sala de aula sobre esse tema, culminando com uma caminhada no lago na pr\u00f3xima semana, em data a ser definida, conforme as condi\u00e7\u00f5es clim\u00e1ticas.<\/p>\n","protected":false},"excerpt":{"rendered":"<p>A Escola Municipal de Educa\u00e7\u00e3o Infantil e Ensino Fundamental Especial Rodolfo Schlieper completa 47 anos no pr\u00f3ximo domingo, dia 30 de mar\u00e7o. S\u00e3o mais de quatro d\u00e9cadas desempenhando um papel fundamental na forma\u00e7\u00e3o e no desenvolvimento de crian\u00e7as com necessidades especiais em Canela. Atualmente a institui\u00e7\u00e3o \u00e9 dirigida pela professora Joseane Almeida e com a [&hellip;]<\/p>\n","protected":false},"author":3,"featured_media":4764,"comment_status":"open","ping_status":"open","sticky":false,"template":"","format":"standard","meta":{"footnotes":""},"categories":[45],"tags":[],"class_list":["post-4762","post","type-post","status-publish","format-standard","has-post-thumbnail","hentry","category-post_educacao"],"_links":{"self":[{"href":"https:\/\/canela.rs.gov.br\/sitenovo\/wp-json\/wp\/v2\/posts\/4762","targetHints":{"allow":["GET"]}}],"collection":[{"href":"https:\/\/canela.rs.gov.br\/sitenovo\/wp-json\/wp\/v2\/posts"}],"about":[{"href":"https:\/\/canela.rs.gov.br\/sitenovo\/wp-json\/wp\/v2\/types\/post"}],"author":[{"embeddable":true,"href":"https:\/\/canela.rs.gov.br\/sitenovo\/wp-json\/wp\/v2\/users\/3"}],"replies":[{"embeddable":true,"href":"https:\/\/canela.rs.gov.br\/sitenovo\/wp-json\/wp\/v2\/comments?post=4762"}],"version-history":[{"count":1,"href":"https:\/\/canela.rs.gov.br\/sitenovo\/wp-json\/wp\/v2\/posts\/4762\/revisions"}],"predecessor-version":[{"id":4765,"href":"https:\/\/canela.rs.gov.br\/sitenovo\/wp-json\/wp\/v2\/posts\/4762\/revisions\/4765"}],"wp:featuredmedia":[{"embeddable":true,"href":"https:\/\/canela.rs.gov.br\/sitenovo\/wp-json\/wp\/v2\/media\/4764"}],"wp:attachment":[{"href":"https:\/\/canela.rs.gov.br\/sitenovo\/wp-json\/wp\/v2\/media?parent=4762"}],"wp:term":[{"taxonomy":"category","embeddable":true,"href":"https:\/\/canela.rs.gov.br\/sitenovo\/wp-json\/wp\/v2\/categories?post=4762"},{"taxonomy":"post_tag","embeddable":true,"href":"https:\/\/canela.rs.gov.br\/sitenovo\/wp-json\/wp\/v2\/tags?post=4762"}],"curies":[{"name":"wp","href":"https:\/\/api.w.org\/{rel}","templated":true}]}}