{"id":4727,"date":"2025-03-24T17:36:00","date_gmt":"2025-03-24T20:36:00","guid":{"rendered":"https:\/\/canela.rs.gov.br\/sitenovo\/?p=4727"},"modified":"2025-04-03T15:25:46","modified_gmt":"2025-04-03T18:25:46","slug":"descontracao-e-integracao-marcam-encontro-para-pessoas-com-down","status":"publish","type":"post","link":"https:\/\/canela.rs.gov.br\/sitenovo\/descontracao-e-integracao-marcam-encontro-para-pessoas-com-down\/","title":{"rendered":"Descontra\u00e7\u00e3o e integra\u00e7\u00e3o marcam encontro para pessoas com Down"},"content":{"rendered":"\n<p>Dezenas de pessoas participaram do encontro, realizado na sexta-feira, 21, no Centro Integrado de Desenvolvimento e Inova\u00e7\u00e3o de Canela (CIDICA), alusivo ao Dia Internacional da S\u00edndrome de Down. O evento contou com o apoio da Secretaria de Educa\u00e7\u00e3o, Esporte e Lazer de Canela e reuniu pessoas com Down de diversas idades, al\u00e9m de seus acompanhantes e familiares, proporcionando um momento de descontra\u00e7\u00e3o e integra\u00e7\u00e3o.<\/p>\n\n\n\n<p>Atualmente existem mais de 30 pessoas com Down em Canela que recebem atendimento em alguma institui\u00e7\u00e3o do munic\u00edpio ou usufruem de algum servi\u00e7o p\u00fablico. A coordenadora de Educa\u00e7\u00e3o Especial Inclusiva de Canela, Alexandra Renck, auxiliou na organiza\u00e7\u00e3o do evento. \u201cEsse foi o primeiro de tantos outros que faremos, pois \u00e9 preciso falar sobre a S\u00edndrome de Down todos os dias. \u00c9 preciso conscientizar as pessoas sobre a import\u00e2ncia da inclus\u00e3o\u201d, destaca Alexandra.<\/p>\n","protected":false},"excerpt":{"rendered":"<p>Dezenas de pessoas participaram do encontro, realizado na sexta-feira, 21, no Centro Integrado de Desenvolvimento e Inova\u00e7\u00e3o de Canela (CIDICA), alusivo ao Dia Internacional da S\u00edndrome de Down. O evento contou com o apoio da Secretaria de Educa\u00e7\u00e3o, Esporte e Lazer de Canela e reuniu pessoas com Down de diversas idades, al\u00e9m de seus acompanhantes [&hellip;]<\/p>\n","protected":false},"author":3,"featured_media":4729,"comment_status":"open","ping_status":"open","sticky":false,"template":"","format":"standard","meta":{"footnotes":""},"categories":[45],"tags":[],"class_list":["post-4727","post","type-post","status-publish","format-standard","has-post-thumbnail","hentry","category-post_educacao"],"_links":{"self":[{"href":"https:\/\/canela.rs.gov.br\/sitenovo\/wp-json\/wp\/v2\/posts\/4727","targetHints":{"allow":["GET"]}}],"collection":[{"href":"https:\/\/canela.rs.gov.br\/sitenovo\/wp-json\/wp\/v2\/posts"}],"about":[{"href":"https:\/\/canela.rs.gov.br\/sitenovo\/wp-json\/wp\/v2\/types\/post"}],"author":[{"embeddable":true,"href":"https:\/\/canela.rs.gov.br\/sitenovo\/wp-json\/wp\/v2\/users\/3"}],"replies":[{"embeddable":true,"href":"https:\/\/canela.rs.gov.br\/sitenovo\/wp-json\/wp\/v2\/comments?post=4727"}],"version-history":[{"count":1,"href":"https:\/\/canela.rs.gov.br\/sitenovo\/wp-json\/wp\/v2\/posts\/4727\/revisions"}],"predecessor-version":[{"id":4728,"href":"https:\/\/canela.rs.gov.br\/sitenovo\/wp-json\/wp\/v2\/posts\/4727\/revisions\/4728"}],"wp:featuredmedia":[{"embeddable":true,"href":"https:\/\/canela.rs.gov.br\/sitenovo\/wp-json\/wp\/v2\/media\/4729"}],"wp:attachment":[{"href":"https:\/\/canela.rs.gov.br\/sitenovo\/wp-json\/wp\/v2\/media?parent=4727"}],"wp:term":[{"taxonomy":"category","embeddable":true,"href":"https:\/\/canela.rs.gov.br\/sitenovo\/wp-json\/wp\/v2\/categories?post=4727"},{"taxonomy":"post_tag","embeddable":true,"href":"https:\/\/canela.rs.gov.br\/sitenovo\/wp-json\/wp\/v2\/tags?post=4727"}],"curies":[{"name":"wp","href":"https:\/\/api.w.org\/{rel}","templated":true}]}}