{"id":4537,"date":"2025-03-20T08:12:00","date_gmt":"2025-03-20T11:12:00","guid":{"rendered":"https:\/\/canela.rs.gov.br\/sitenovo\/?p=4537"},"modified":"2025-03-21T16:20:12","modified_gmt":"2025-03-21T19:20:12","slug":"rua-olavo-luis-da-silva-esta-parcialmente-bloqueada-em-virtude-de-obras-da-corsan","status":"publish","type":"post","link":"https:\/\/canela.rs.gov.br\/sitenovo\/rua-olavo-luis-da-silva-esta-parcialmente-bloqueada-em-virtude-de-obras-da-corsan\/","title":{"rendered":"Rua Olavo Lu\u00eds da Silva est\u00e1 parcialmente bloqueada em virtude de obras da Corsan"},"content":{"rendered":"\n<p>Em virtude de&nbsp;<strong>obras da Corsan<\/strong>, a Rua Olavo Lu\u00eds da Silva , no bairro S\u00e3o Lu\u00edz, em Canela, est\u00e1 parcialmente bloqueada. As obras de expans\u00e3o do sistema de esgotamento sanit\u00e1rio ocorrer\u00e3o at\u00e9 o final de 2026 em Canela, na regi\u00e3o da Bacia Canelinha.<\/p>\n\n\n\n<p>Ser\u00e3o instalados em torno de 41 quil\u00f4metros de redes coletoras. A interven\u00e7\u00e3o come\u00e7ou pela Rua Olavo Lu\u00eds da Silva e continuar\u00e1 em outras vias da regi\u00e3o.<\/p>\n\n\n\n<p>As equipes da Companhia sinalizar\u00e3o os trechos em que as obras ser\u00e3o executadas.<\/p>\n\n\n\n<p>Segundo a Corsan, antes do in\u00edcio da obra, os moradores receberam a visita de profissionais da equipe da responsabilidade social da Companhia, que informaram sobre o projeto e a import\u00e2ncia do acesso da comunidade ao saneamento de qualidade. Durante a implanta\u00e7\u00e3o das redes, novas visitas ser\u00e3o feitas.<\/p>\n\n\n\n<p>Os profissionais s\u00e3o identificados com crach\u00e1s e uniforme da empresa. Os projetos \u2013 tanto para abastecimento de \u00e1gua como para coleta e tratamento de esgoto \u2013 est\u00e3o direcionados \u00e0 universaliza\u00e7\u00e3o do saneamento b\u00e1sico previsto pelo Marco Legal do Saneamento, estabelecido por lei federal.<\/p>\n","protected":false},"excerpt":{"rendered":"<p>Em virtude de&nbsp;obras da Corsan, a Rua Olavo Lu\u00eds da Silva , no bairro S\u00e3o Lu\u00edz, em Canela, est\u00e1 parcialmente bloqueada. As obras de expans\u00e3o do sistema de esgotamento sanit\u00e1rio ocorrer\u00e3o at\u00e9 o final de 2026 em Canela, na regi\u00e3o da Bacia Canelinha. Ser\u00e3o instalados em torno de 41 quil\u00f4metros de redes coletoras. A interven\u00e7\u00e3o [&hellip;]<\/p>\n","protected":false},"author":3,"featured_media":4538,"comment_status":"open","ping_status":"open","sticky":false,"template":"","format":"standard","meta":{"footnotes":""},"categories":[53],"tags":[],"class_list":["post-4537","post","type-post","status-publish","format-standard","has-post-thumbnail","hentry","category-post_obras"],"_links":{"self":[{"href":"https:\/\/canela.rs.gov.br\/sitenovo\/wp-json\/wp\/v2\/posts\/4537","targetHints":{"allow":["GET"]}}],"collection":[{"href":"https:\/\/canela.rs.gov.br\/sitenovo\/wp-json\/wp\/v2\/posts"}],"about":[{"href":"https:\/\/canela.rs.gov.br\/sitenovo\/wp-json\/wp\/v2\/types\/post"}],"author":[{"embeddable":true,"href":"https:\/\/canela.rs.gov.br\/sitenovo\/wp-json\/wp\/v2\/users\/3"}],"replies":[{"embeddable":true,"href":"https:\/\/canela.rs.gov.br\/sitenovo\/wp-json\/wp\/v2\/comments?post=4537"}],"version-history":[{"count":1,"href":"https:\/\/canela.rs.gov.br\/sitenovo\/wp-json\/wp\/v2\/posts\/4537\/revisions"}],"predecessor-version":[{"id":4539,"href":"https:\/\/canela.rs.gov.br\/sitenovo\/wp-json\/wp\/v2\/posts\/4537\/revisions\/4539"}],"wp:featuredmedia":[{"embeddable":true,"href":"https:\/\/canela.rs.gov.br\/sitenovo\/wp-json\/wp\/v2\/media\/4538"}],"wp:attachment":[{"href":"https:\/\/canela.rs.gov.br\/sitenovo\/wp-json\/wp\/v2\/media?parent=4537"}],"wp:term":[{"taxonomy":"category","embeddable":true,"href":"https:\/\/canela.rs.gov.br\/sitenovo\/wp-json\/wp\/v2\/categories?post=4537"},{"taxonomy":"post_tag","embeddable":true,"href":"https:\/\/canela.rs.gov.br\/sitenovo\/wp-json\/wp\/v2\/tags?post=4537"}],"curies":[{"name":"wp","href":"https:\/\/api.w.org\/{rel}","templated":true}]}}