{"id":4524,"date":"2025-03-18T17:43:00","date_gmt":"2025-03-18T20:43:00","guid":{"rendered":"https:\/\/canela.rs.gov.br\/sitenovo\/?p=4524"},"modified":"2025-03-21T16:07:59","modified_gmt":"2025-03-21T19:07:59","slug":"canela-lanca-programa-ecocidadania-e-retoma-com-forca-acoes-de-educacao-ambiental","status":"publish","type":"post","link":"https:\/\/canela.rs.gov.br\/sitenovo\/canela-lanca-programa-ecocidadania-e-retoma-com-forca-acoes-de-educacao-ambiental\/","title":{"rendered":"Canela lan\u00e7a Programa Ecocidadania e retoma com for\u00e7a a\u00e7\u00f5es de educa\u00e7\u00e3o ambiental"},"content":{"rendered":"\n<p>Diante de enormes desafios para o desenvolvimento sustent\u00e1vel este \u00e9, tamb\u00e9m, um momento de grande oportunidade. Uma oportunidade de se comprometer com um vasto leque de objetivos econ\u00f4micos, sociais e ambientais. Seguindo esta premissa, a Prefeitura de Canela, em uma parceria entre as Secretarias de Educa\u00e7\u00e3o, Esporte e Lazer (SMEEL) e de Meio Ambiente e Urbanismo, lan\u00e7ou na manh\u00e3 desta ter\u00e7a-feira, dia 18, o Ecocidadania \u2013 um programa de educa\u00e7\u00e3o ambiental que ter\u00e1 como principal plataforma de a\u00e7\u00e3o a Agenda 2030 para o Desenvolvimento Sustent\u00e1vel, da ONU.<\/p>\n\n\n\n<p>O evento de apresenta\u00e7\u00e3o do programa, realizado no Espa\u00e7o Sicredi, em Canela, contou com a presen\u00e7a do prefeito Gilberto Cezar, diretores de escolas, alunos multiplicadores do programa representando os seus educand\u00e1rios, representantes de entidades e conselhos municipais, vereadores e imprensa. \u201cProgramas como este s\u00e3o fundamentais para que possamos ter uma sociedade melhor, \u00e9 preciso resgatar esta conscientiza\u00e7\u00e3o, este conhecimento sobre o meio ambiente desde a inf\u00e2ncia, retomando nosso prop\u00f3sito de ecocidade\u201d, ressaltou o prefeito.<\/p>\n\n\n\n<p>Os tr\u00eas eixos do programa, que s\u00e3o curr\u00edculo, territ\u00f3rio educativo e gest\u00e3o ambiental, foram apresentados pela secret\u00e1ria da Educa\u00e7\u00e3o, professora dra. Maria Gorete Rodrigues da Silva, e pelo secret\u00e1rio de Meio Ambiente e Urbanismo, dr. Carlos Jos\u00e9 Frozi. \u201c\u00c9 importante construirmos territ\u00f3rios educativos: olhar a escola, o seu entorno, a comunidade que est\u00e1 inserida, olhar a cultura e as quest\u00f5es ambientais do entorno para o desenvolvimento da cidadania\u201d, destacou Gorete.<\/p>\n\n\n\n<p>O Ecocidadania ser\u00e1 um programa que promover\u00e1 a\u00e7\u00f5es que fomentam a educa\u00e7\u00e3o ambiental no munic\u00edpio, desenvolvendo e incentivando pr\u00e1ticas conscientes dos cidad\u00e3os canelenses em considerar o meio ambiente e o ecossistema no qual estamos inseridos como bases fundamentais do nosso desenvolvimento e da comunidade como um todo interligado.<\/p>\n\n\n\n<h3 class=\"wp-block-heading\"><strong>ESCOLAS VERDES<\/strong><\/h3>\n\n\n\n<p>Entre uma das diversas a\u00e7\u00f5es que integram o programa, est\u00e1 a implementa\u00e7\u00e3o de escolas verdes. Conforme o engenheiro ambiental da (SMEEL), Cristiano Hickel, o conceito ser\u00e1 aplicado em todas as escolas municipais com o objetivo de torn\u00e1-las mais sustent\u00e1veis. Um levantamento j\u00e1 foi realizado em quatro institui\u00e7\u00f5es de ensino: a Escola Municipal de Ensino Fundamental Bar\u00e3o do Rio Branco, localizada no bairro Saiqui; a Escola Municipal de Ensino Fundamental Baldu\u00edno Boelter, na Linha S\u00e3o Paulo (interior); a Escola Municipal de Educa\u00e7\u00e3o Fundamental Severino Travi, no Distrito Industrial; e a Escola Municipal de Educa\u00e7\u00e3o Infantil Serafina Seibt, no bairro S\u00e3o Jos\u00e9.<br>Ap\u00f3s as visitas foram relatadas algumas potencialidades que podem ser implantadas como trilha, horto, coleta de sementes, estufa, observa\u00e7\u00e3o da fauna, compostagem de res\u00edduos, gest\u00e3o de res\u00edduos, esgoto, \u00e1rea produtiva, capta\u00e7\u00e3o de \u00e1gua, estufa e outras a\u00e7\u00f5es.<\/p>\n\n\n\n<h3 class=\"wp-block-heading\"><strong>Resgate e reconhecimento \u00e0 hist\u00f3ria<\/strong><\/h3>\n\n\n\n<p>O evento contou com uma exposi\u00e7\u00e3o de documentos hist\u00f3ricos que retratam um pouco sobre a hist\u00f3ria da educa\u00e7\u00e3o ambiental em Canela. O secret\u00e1rio Frozi tamb\u00e9m aproveitou o encontro para ressaltar a presen\u00e7a do bi\u00f3logo Vitor Hugo Travi, idealizador do projeto Lobo Guar\u00e1, o qual levou as aulas de biologia para al\u00e9m da sala de aula, proporcionando aos estudantes uma viv\u00eancia com a natureza, tendo como palco o Parque do Caracol e que esteve junto com ele em diversas a\u00e7\u00f5es ambientais no munic\u00edpio.<\/p>\n\n\n\n<h3 class=\"wp-block-heading\"><strong>Comit\u00ea Gestor<\/strong><\/h3>\n\n\n\n<ul class=\"wp-block-list\">\n<li>Secretaria Municipal de Educa\u00e7\u00e3o, Esporte e Lazer<\/li>\n\n\n\n<li>Secretaria Municipal de Meio Ambiente e Urbanismo;<\/li>\n\n\n\n<li>Emater;<\/li>\n\n\n\n<li>Representantes das escolas municipais, estaduais e particulares (professores e alunos);<\/li>\n\n\n\n<li>L\u00edderes de bairros, entidades de classe, colegiados e comunidade em geral.<\/li>\n<\/ul>\n","protected":false},"excerpt":{"rendered":"<p>Diante de enormes desafios para o desenvolvimento sustent\u00e1vel este \u00e9, tamb\u00e9m, um momento de grande oportunidade. Uma oportunidade de se comprometer com um vasto leque de objetivos econ\u00f4micos, sociais e ambientais. Seguindo esta premissa, a Prefeitura de Canela, em uma parceria entre as Secretarias de Educa\u00e7\u00e3o, Esporte e Lazer (SMEEL) e de Meio Ambiente e [&hellip;]<\/p>\n","protected":false},"author":3,"featured_media":4525,"comment_status":"open","ping_status":"open","sticky":false,"template":"","format":"standard","meta":{"footnotes":""},"categories":[164,45,38,48],"tags":[],"class_list":["post-4524","post","type-post","status-publish","format-standard","has-post-thumbnail","hentry","category-destaque","category-post_educacao","category-post_gabinete-do-prefeito","category-post_meio-ambiente"],"_links":{"self":[{"href":"https:\/\/canela.rs.gov.br\/sitenovo\/wp-json\/wp\/v2\/posts\/4524","targetHints":{"allow":["GET"]}}],"collection":[{"href":"https:\/\/canela.rs.gov.br\/sitenovo\/wp-json\/wp\/v2\/posts"}],"about":[{"href":"https:\/\/canela.rs.gov.br\/sitenovo\/wp-json\/wp\/v2\/types\/post"}],"author":[{"embeddable":true,"href":"https:\/\/canela.rs.gov.br\/sitenovo\/wp-json\/wp\/v2\/users\/3"}],"replies":[{"embeddable":true,"href":"https:\/\/canela.rs.gov.br\/sitenovo\/wp-json\/wp\/v2\/comments?post=4524"}],"version-history":[{"count":1,"href":"https:\/\/canela.rs.gov.br\/sitenovo\/wp-json\/wp\/v2\/posts\/4524\/revisions"}],"predecessor-version":[{"id":4527,"href":"https:\/\/canela.rs.gov.br\/sitenovo\/wp-json\/wp\/v2\/posts\/4524\/revisions\/4527"}],"wp:featuredmedia":[{"embeddable":true,"href":"https:\/\/canela.rs.gov.br\/sitenovo\/wp-json\/wp\/v2\/media\/4525"}],"wp:attachment":[{"href":"https:\/\/canela.rs.gov.br\/sitenovo\/wp-json\/wp\/v2\/media?parent=4524"}],"wp:term":[{"taxonomy":"category","embeddable":true,"href":"https:\/\/canela.rs.gov.br\/sitenovo\/wp-json\/wp\/v2\/categories?post=4524"},{"taxonomy":"post_tag","embeddable":true,"href":"https:\/\/canela.rs.gov.br\/sitenovo\/wp-json\/wp\/v2\/tags?post=4524"}],"curies":[{"name":"wp","href":"https:\/\/api.w.org\/{rel}","templated":true}]}}