{"id":4489,"date":"2025-03-12T16:49:00","date_gmt":"2025-03-12T19:49:00","guid":{"rendered":"https:\/\/canela.rs.gov.br\/sitenovo\/?p=4489"},"modified":"2025-03-21T15:43:45","modified_gmt":"2025-03-21T18:43:45","slug":"avenida-osvaldo-aranha-tera-bloqueio-nesta-quinta-em-virtude-de-obras-da-corsan","status":"publish","type":"post","link":"https:\/\/canela.rs.gov.br\/sitenovo\/avenida-osvaldo-aranha-tera-bloqueio-nesta-quinta-em-virtude-de-obras-da-corsan\/","title":{"rendered":"Avenida Osvaldo Aranha ter\u00e1 bloqueio nesta quinta em virtude de obras da Corsan"},"content":{"rendered":"\n<p>A Prefeitura de Canela, por meio da Secretaria Municipal de Obras, Servi\u00e7os Urbanos e Agricultura, informa que, em virtude de obras da Corsan, a Avenida Osvaldo Aranha ter\u00e1 bloqueio nos dois sentidos nesta quinta-feira, dia 13 de mar\u00e7o, das 7 \u00e0s 13 horas.<\/p>\n\n\n\n<p>A interdi\u00e7\u00e3o acontecer\u00e1 devido a remo\u00e7\u00e3o de uma \u00e1rvore para conserto de vazamento da Companhia. A medida visa a seguran\u00e7a da comunidade que passa pelo local e est\u00e1 devidamente autorizada pela Secretaria de Meio Ambiente e Urbanismo.<\/p>\n","protected":false},"excerpt":{"rendered":"<p>A Prefeitura de Canela, por meio da Secretaria Municipal de Obras, Servi\u00e7os Urbanos e Agricultura, informa que, em virtude de obras da Corsan, a Avenida Osvaldo Aranha ter\u00e1 bloqueio nos dois sentidos nesta quinta-feira, dia 13 de mar\u00e7o, das 7 \u00e0s 13 horas. A interdi\u00e7\u00e3o acontecer\u00e1 devido a remo\u00e7\u00e3o de uma \u00e1rvore para conserto de [&hellip;]<\/p>\n","protected":false},"author":3,"featured_media":4490,"comment_status":"open","ping_status":"open","sticky":false,"template":"","format":"standard","meta":{"footnotes":""},"categories":[53],"tags":[],"class_list":["post-4489","post","type-post","status-publish","format-standard","has-post-thumbnail","hentry","category-post_obras"],"_links":{"self":[{"href":"https:\/\/canela.rs.gov.br\/sitenovo\/wp-json\/wp\/v2\/posts\/4489","targetHints":{"allow":["GET"]}}],"collection":[{"href":"https:\/\/canela.rs.gov.br\/sitenovo\/wp-json\/wp\/v2\/posts"}],"about":[{"href":"https:\/\/canela.rs.gov.br\/sitenovo\/wp-json\/wp\/v2\/types\/post"}],"author":[{"embeddable":true,"href":"https:\/\/canela.rs.gov.br\/sitenovo\/wp-json\/wp\/v2\/users\/3"}],"replies":[{"embeddable":true,"href":"https:\/\/canela.rs.gov.br\/sitenovo\/wp-json\/wp\/v2\/comments?post=4489"}],"version-history":[{"count":1,"href":"https:\/\/canela.rs.gov.br\/sitenovo\/wp-json\/wp\/v2\/posts\/4489\/revisions"}],"predecessor-version":[{"id":4492,"href":"https:\/\/canela.rs.gov.br\/sitenovo\/wp-json\/wp\/v2\/posts\/4489\/revisions\/4492"}],"wp:featuredmedia":[{"embeddable":true,"href":"https:\/\/canela.rs.gov.br\/sitenovo\/wp-json\/wp\/v2\/media\/4490"}],"wp:attachment":[{"href":"https:\/\/canela.rs.gov.br\/sitenovo\/wp-json\/wp\/v2\/media?parent=4489"}],"wp:term":[{"taxonomy":"category","embeddable":true,"href":"https:\/\/canela.rs.gov.br\/sitenovo\/wp-json\/wp\/v2\/categories?post=4489"},{"taxonomy":"post_tag","embeddable":true,"href":"https:\/\/canela.rs.gov.br\/sitenovo\/wp-json\/wp\/v2\/tags?post=4489"}],"curies":[{"name":"wp","href":"https:\/\/api.w.org\/{rel}","templated":true}]}}