{"id":4196,"date":"2025-02-27T11:00:00","date_gmt":"2025-02-27T14:00:00","guid":{"rendered":"https:\/\/canela.rs.gov.br\/sitenovo\/?p=4196"},"modified":"2025-02-28T10:06:44","modified_gmt":"2025-02-28T13:06:44","slug":"curso-qualifica-professores-sobre-interacao-das-criancas-com-o-meio-ambiente","status":"publish","type":"post","link":"https:\/\/canela.rs.gov.br\/sitenovo\/curso-qualifica-professores-sobre-interacao-das-criancas-com-o-meio-ambiente\/","title":{"rendered":"Curso qualifica professores sobre intera\u00e7\u00e3o das crian\u00e7as com o meio ambiente"},"content":{"rendered":"\n<p>Professores da rede municipal da Educa\u00e7\u00e3o Infantil de Canela participaram nesta quarta-feira, dia 26, de mais um encontro da capacita\u00e7\u00e3o: \u201cEduca\u00e7\u00e3o Infantil Ambiental para Justi\u00e7a Clim\u00e1tica: crian\u00e7as de um territ\u00f3rio, inf\u00e2ncias de um planeta\u201d, promovida pela Secretaria Municipal de Educa\u00e7\u00e3o, Esporte e Lazer, em parceria com o Minist\u00e9rio da Educa\u00e7\u00e3o (MEC) e a Universidade Federal do Rio Grande (FURG).<\/p>\n\n\n\n<p>Na ocasi\u00e3o, o grupo foi recepcionado no Centro Integrado de Desenvolvimento e Inova\u00e7\u00e3o de Canela (CIDICA) pela secret\u00e1ria da Educa\u00e7\u00e3o, prof. dra Maria Gorete Rodrigues da Silva, acompanhada pelo secret\u00e1rio do Meio Ambiente e Urbanismo, Carlos Frozi. \u201cVolto a ressaltar que para educar uma crian\u00e7a, s\u00e3o necess\u00e1rias muitas m\u00e3os. Dessa forma, nossa parceria com as demais secretarias \u00e9 fundamental, e a Secretaria do Meio Ambiente vem nos dando respaldo para diversas a\u00e7\u00f5es\u201d, enfatizou Gorete.<\/p>\n\n\n\n<p>Na parte da manh\u00e3, aconteceu a oficina \u201cRegistros na Educa\u00e7\u00e3o Ambiental Infantil\u201d, ministrada pela professora Rosmarie Reinehr da Rede Arauc\u00e1rias de Educa\u00e7\u00e3o Ambiental, que abordou temas como a import\u00e2ncia da valoriza\u00e7\u00e3o da intera\u00e7\u00e3o da crian\u00e7a com o meio ambiente nos dias atuais, onde existe um grande avan\u00e7o da tecnologia. O encontro ressaltou a import\u00e2ncia de proporcionar a elas um espa\u00e7o de lazer ao ar livre, onde tenham mais viv\u00eancias com a natureza, entendendo a import\u00e2ncia de preservar o mundo em que vivem.<\/p>\n\n\n\n<p>Dando continuidade ao curso, na parte da tarde, aconteceu a oficina \u201cMatrizes do Imagin\u00e1rio\u201d, dirigida pela educadora ambiental, professora Cleusa Helena Guaita Peralta Castell, docente aposentada da FURG, dos cursos de Artes Visuais \u2013 Licenciatura, Pedagogia Educa\u00e7\u00e3o Infantil e Anos Iniciais e no Programa de P\u00f3s-Gradua\u00e7\u00e3o em Educa\u00e7\u00e3o Ambiental (PPGEA), que abordou o desenho de natureza das crian\u00e7as e suas interfaces com os processos de pr\u00e9-alfabetiza\u00e7\u00e3o.<\/p>\n\n\n\n<p>Em Canela, o curso tem como tutoras as professoras Laci Gross e Carina Soares e como coordenadoras regionais as professoras Rosmarie Reinehr e Narjara Mendes Garcia.<\/p>\n","protected":false},"excerpt":{"rendered":"<p>Professores da rede municipal da Educa\u00e7\u00e3o Infantil de Canela participaram nesta quarta-feira, dia 26, de mais um encontro da capacita\u00e7\u00e3o: \u201cEduca\u00e7\u00e3o Infantil Ambiental para Justi\u00e7a Clim\u00e1tica: crian\u00e7as de um territ\u00f3rio, inf\u00e2ncias de um planeta\u201d, promovida pela Secretaria Municipal de Educa\u00e7\u00e3o, Esporte e Lazer, em parceria com o Minist\u00e9rio da Educa\u00e7\u00e3o (MEC) e a Universidade Federal [&hellip;]<\/p>\n","protected":false},"author":3,"featured_media":4197,"comment_status":"open","ping_status":"open","sticky":false,"template":"","format":"standard","meta":{"footnotes":""},"categories":[45],"tags":[],"class_list":["post-4196","post","type-post","status-publish","format-standard","has-post-thumbnail","hentry","category-post_educacao"],"_links":{"self":[{"href":"https:\/\/canela.rs.gov.br\/sitenovo\/wp-json\/wp\/v2\/posts\/4196","targetHints":{"allow":["GET"]}}],"collection":[{"href":"https:\/\/canela.rs.gov.br\/sitenovo\/wp-json\/wp\/v2\/posts"}],"about":[{"href":"https:\/\/canela.rs.gov.br\/sitenovo\/wp-json\/wp\/v2\/types\/post"}],"author":[{"embeddable":true,"href":"https:\/\/canela.rs.gov.br\/sitenovo\/wp-json\/wp\/v2\/users\/3"}],"replies":[{"embeddable":true,"href":"https:\/\/canela.rs.gov.br\/sitenovo\/wp-json\/wp\/v2\/comments?post=4196"}],"version-history":[{"count":1,"href":"https:\/\/canela.rs.gov.br\/sitenovo\/wp-json\/wp\/v2\/posts\/4196\/revisions"}],"predecessor-version":[{"id":4199,"href":"https:\/\/canela.rs.gov.br\/sitenovo\/wp-json\/wp\/v2\/posts\/4196\/revisions\/4199"}],"wp:featuredmedia":[{"embeddable":true,"href":"https:\/\/canela.rs.gov.br\/sitenovo\/wp-json\/wp\/v2\/media\/4197"}],"wp:attachment":[{"href":"https:\/\/canela.rs.gov.br\/sitenovo\/wp-json\/wp\/v2\/media?parent=4196"}],"wp:term":[{"taxonomy":"category","embeddable":true,"href":"https:\/\/canela.rs.gov.br\/sitenovo\/wp-json\/wp\/v2\/categories?post=4196"},{"taxonomy":"post_tag","embeddable":true,"href":"https:\/\/canela.rs.gov.br\/sitenovo\/wp-json\/wp\/v2\/tags?post=4196"}],"curies":[{"name":"wp","href":"https:\/\/api.w.org\/{rel}","templated":true}]}}