{"id":4146,"date":"2025-02-24T14:42:00","date_gmt":"2025-02-24T17:42:00","guid":{"rendered":"https:\/\/canela.rs.gov.br\/sitenovo\/?p=4146"},"modified":"2025-02-28T10:04:36","modified_gmt":"2025-02-28T13:04:36","slug":"telhado-dos-fornos-junto-ao-centro-de-feiras-e-retirado-para-garantir-seguranca","status":"publish","type":"post","link":"https:\/\/canela.rs.gov.br\/sitenovo\/telhado-dos-fornos-junto-ao-centro-de-feiras-e-retirado-para-garantir-seguranca\/","title":{"rendered":"Telhado dos fornos junto ao Centro de Feiras \u00e9 retirado para garantir seguran\u00e7a"},"content":{"rendered":"\n<p>A Prefeitura de Canela, por meio da Secretaria Municipal de Obras, Servi\u00e7os Urbanos e Agricultura de Canela, realizou na \u00faltima sexta-feira, dia 21, a retirada do telhado que estava em condi\u00e7\u00f5es prec\u00e1rias nos fornos situados junto ao Centro de Feiras. De acordo com a pasta, a estrutura estava comprometida e precisava ser retirada para garantir a seguran\u00e7a.<\/p>\n\n\n\n<p>A Secretaria de Turismo, respons\u00e1vel pela manuten\u00e7\u00e3o do espa\u00e7o, j\u00e1 trabalha em projetos de revitaliza\u00e7\u00e3o do Centro de Feiras e demais equipamentos tur\u00edsticos do munic\u00edpio.<\/p>\n","protected":false},"excerpt":{"rendered":"<p>A Prefeitura de Canela, por meio da Secretaria Municipal de Obras, Servi\u00e7os Urbanos e Agricultura de Canela, realizou na \u00faltima sexta-feira, dia 21, a retirada do telhado que estava em condi\u00e7\u00f5es prec\u00e1rias nos fornos situados junto ao Centro de Feiras. De acordo com a pasta, a estrutura estava comprometida e precisava ser retirada para garantir [&hellip;]<\/p>\n","protected":false},"author":3,"featured_media":4147,"comment_status":"open","ping_status":"open","sticky":false,"template":"","format":"standard","meta":{"footnotes":""},"categories":[53],"tags":[],"class_list":["post-4146","post","type-post","status-publish","format-standard","has-post-thumbnail","hentry","category-post_obras"],"_links":{"self":[{"href":"https:\/\/canela.rs.gov.br\/sitenovo\/wp-json\/wp\/v2\/posts\/4146","targetHints":{"allow":["GET"]}}],"collection":[{"href":"https:\/\/canela.rs.gov.br\/sitenovo\/wp-json\/wp\/v2\/posts"}],"about":[{"href":"https:\/\/canela.rs.gov.br\/sitenovo\/wp-json\/wp\/v2\/types\/post"}],"author":[{"embeddable":true,"href":"https:\/\/canela.rs.gov.br\/sitenovo\/wp-json\/wp\/v2\/users\/3"}],"replies":[{"embeddable":true,"href":"https:\/\/canela.rs.gov.br\/sitenovo\/wp-json\/wp\/v2\/comments?post=4146"}],"version-history":[{"count":1,"href":"https:\/\/canela.rs.gov.br\/sitenovo\/wp-json\/wp\/v2\/posts\/4146\/revisions"}],"predecessor-version":[{"id":4148,"href":"https:\/\/canela.rs.gov.br\/sitenovo\/wp-json\/wp\/v2\/posts\/4146\/revisions\/4148"}],"wp:featuredmedia":[{"embeddable":true,"href":"https:\/\/canela.rs.gov.br\/sitenovo\/wp-json\/wp\/v2\/media\/4147"}],"wp:attachment":[{"href":"https:\/\/canela.rs.gov.br\/sitenovo\/wp-json\/wp\/v2\/media?parent=4146"}],"wp:term":[{"taxonomy":"category","embeddable":true,"href":"https:\/\/canela.rs.gov.br\/sitenovo\/wp-json\/wp\/v2\/categories?post=4146"},{"taxonomy":"post_tag","embeddable":true,"href":"https:\/\/canela.rs.gov.br\/sitenovo\/wp-json\/wp\/v2\/tags?post=4146"}],"curies":[{"name":"wp","href":"https:\/\/api.w.org\/{rel}","templated":true}]}}