{"id":3724,"date":"2025-02-04T17:20:00","date_gmt":"2025-02-04T20:20:00","guid":{"rendered":"https:\/\/canela.rs.gov.br\/sitenovo\/?p=3724"},"modified":"2025-02-07T10:05:17","modified_gmt":"2025-02-07T13:05:17","slug":"rota-panoramica-esta-parcialmente-interditada-em-canela","status":"publish","type":"post","link":"https:\/\/canela.rs.gov.br\/sitenovo\/rota-panoramica-esta-parcialmente-interditada-em-canela\/","title":{"rendered":"Rota Panor\u00e2mica est\u00e1 parcialmente interditada em Canela"},"content":{"rendered":"\n<p>A Prefeitura de Canela interditou de forma parcial a estrada municipal da Rota Panor\u00e2mica e desde o \u00faltimo dia 20 permite somente a passagem de ve\u00edculos leves. De acordo com parecer t\u00e9cnico emitido, foi constatado que uma das faixas de rolamento da via encontra-se totalmente comprometida em decorr\u00eancia das fortes chuvas do ano passado, apresentando desmoronamento parcial de terra e da pavimenta\u00e7\u00e3o asf\u00e1ltica, comprometendo a estrutura da mesma.<\/p>\n\n\n\n<p>Portanto, est\u00e1 autorizado somente passagem de ve\u00edculos leves (at\u00e9 seis toneladas) no local, at\u00e9 que as obras na estrada sejam conclu\u00eddas. \u201cO bloqueio total da estrada visa garantir a seguran\u00e7a de todos\u201d, afirma o secret\u00e1rio municipal de Tr\u00e2nsito, Adriel Buss.<\/p>\n\n\n\n<p><\/p>\n","protected":false},"excerpt":{"rendered":"<p>A Prefeitura de Canela interditou de forma parcial a estrada municipal da Rota Panor\u00e2mica e desde o \u00faltimo dia 20 permite somente a passagem de ve\u00edculos leves. De acordo com parecer t\u00e9cnico emitido, foi constatado que uma das faixas de rolamento da via encontra-se totalmente comprometida em decorr\u00eancia das fortes chuvas do ano passado, apresentando [&hellip;]<\/p>\n","protected":false},"author":3,"featured_media":3725,"comment_status":"open","ping_status":"open","sticky":false,"template":"","format":"standard","meta":{"footnotes":""},"categories":[164,53],"tags":[],"class_list":["post-3724","post","type-post","status-publish","format-standard","has-post-thumbnail","hentry","category-destaque","category-post_obras"],"_links":{"self":[{"href":"https:\/\/canela.rs.gov.br\/sitenovo\/wp-json\/wp\/v2\/posts\/3724","targetHints":{"allow":["GET"]}}],"collection":[{"href":"https:\/\/canela.rs.gov.br\/sitenovo\/wp-json\/wp\/v2\/posts"}],"about":[{"href":"https:\/\/canela.rs.gov.br\/sitenovo\/wp-json\/wp\/v2\/types\/post"}],"author":[{"embeddable":true,"href":"https:\/\/canela.rs.gov.br\/sitenovo\/wp-json\/wp\/v2\/users\/3"}],"replies":[{"embeddable":true,"href":"https:\/\/canela.rs.gov.br\/sitenovo\/wp-json\/wp\/v2\/comments?post=3724"}],"version-history":[{"count":1,"href":"https:\/\/canela.rs.gov.br\/sitenovo\/wp-json\/wp\/v2\/posts\/3724\/revisions"}],"predecessor-version":[{"id":3726,"href":"https:\/\/canela.rs.gov.br\/sitenovo\/wp-json\/wp\/v2\/posts\/3724\/revisions\/3726"}],"wp:featuredmedia":[{"embeddable":true,"href":"https:\/\/canela.rs.gov.br\/sitenovo\/wp-json\/wp\/v2\/media\/3725"}],"wp:attachment":[{"href":"https:\/\/canela.rs.gov.br\/sitenovo\/wp-json\/wp\/v2\/media?parent=3724"}],"wp:term":[{"taxonomy":"category","embeddable":true,"href":"https:\/\/canela.rs.gov.br\/sitenovo\/wp-json\/wp\/v2\/categories?post=3724"},{"taxonomy":"post_tag","embeddable":true,"href":"https:\/\/canela.rs.gov.br\/sitenovo\/wp-json\/wp\/v2\/tags?post=3724"}],"curies":[{"name":"wp","href":"https:\/\/api.w.org\/{rel}","templated":true}]}}