{"id":3704,"date":"2025-01-30T08:56:00","date_gmt":"2025-01-30T11:56:00","guid":{"rendered":"https:\/\/canela.rs.gov.br\/sitenovo\/?p=3704"},"modified":"2025-02-07T09:28:49","modified_gmt":"2025-02-07T12:28:49","slug":"equipes-da-prefeitura-de-canela-sinalizam-rota-panoramica","status":"publish","type":"post","link":"https:\/\/canela.rs.gov.br\/sitenovo\/equipes-da-prefeitura-de-canela-sinalizam-rota-panoramica\/","title":{"rendered":"Equipes da Prefeitura de Canela sinalizam Rota Panor\u00e2mica"},"content":{"rendered":"\n<p>Com interdi\u00e7\u00e3o parcial e acesso liberado somente para ve\u00edculos leves, a Rota Panor\u00e2mica \u2013 estrada que liga Canela a Tr\u00eas Coroas \u2013 est\u00e1 recebendo sinaliza\u00e7\u00e3o para a orienta\u00e7\u00e3o dos motoristas. Segundo a Secretaria Municipal de Tr\u00e2nsito, est\u00e3o sendo instaladas sinaliza\u00e7\u00f5es vi\u00e1rias com a proibi\u00e7\u00e3o de tr\u00e1fego de ve\u00edculos pesados (acima de seis toneladas) desde o entroncamento entre a Rodovia Arnaldo Oppitz e a Estada do Morro Cal\u00e7ado.<\/p>\n\n\n\n<p>Tamb\u00e9m haver\u00e1 sinaliza\u00e7\u00e3o com a proibi\u00e7\u00e3o de tr\u00e1fego de ve\u00edculos pesados, no sentido Tr\u00eas Coroas\/Canela, na altura da ponte do Passo do Louro.<\/p>\n\n\n\n<p>Por determina\u00e7\u00e3o do prefeito Gilberto Cezar, a Prefeitura, por meio das Secretarias de Governo, de Tr\u00e2nsito e Obras, al\u00e9m da Defesa Civil, est\u00e1 buscando alternativas para recupera\u00e7\u00e3o da Rota Panor\u00e2mica. Por ora, a libera\u00e7\u00e3o de ve\u00edculos leves visa garantir o acesso m\u00ednimo aos moradores e transeuntes de maneira segura at\u00e9 que a via seja totalmente recuperada.<\/p>\n\n\n\n<p><\/p>\n","protected":false},"excerpt":{"rendered":"<p>Com interdi\u00e7\u00e3o parcial e acesso liberado somente para ve\u00edculos leves, a Rota Panor\u00e2mica \u2013 estrada que liga Canela a Tr\u00eas Coroas \u2013 est\u00e1 recebendo sinaliza\u00e7\u00e3o para a orienta\u00e7\u00e3o dos motoristas. Segundo a Secretaria Municipal de Tr\u00e2nsito, est\u00e3o sendo instaladas sinaliza\u00e7\u00f5es vi\u00e1rias com a proibi\u00e7\u00e3o de tr\u00e1fego de ve\u00edculos pesados (acima de seis toneladas) desde o [&hellip;]<\/p>\n","protected":false},"author":3,"featured_media":3705,"comment_status":"open","ping_status":"open","sticky":false,"template":"","format":"standard","meta":{"footnotes":""},"categories":[53],"tags":[],"class_list":["post-3704","post","type-post","status-publish","format-standard","has-post-thumbnail","hentry","category-post_obras"],"_links":{"self":[{"href":"https:\/\/canela.rs.gov.br\/sitenovo\/wp-json\/wp\/v2\/posts\/3704","targetHints":{"allow":["GET"]}}],"collection":[{"href":"https:\/\/canela.rs.gov.br\/sitenovo\/wp-json\/wp\/v2\/posts"}],"about":[{"href":"https:\/\/canela.rs.gov.br\/sitenovo\/wp-json\/wp\/v2\/types\/post"}],"author":[{"embeddable":true,"href":"https:\/\/canela.rs.gov.br\/sitenovo\/wp-json\/wp\/v2\/users\/3"}],"replies":[{"embeddable":true,"href":"https:\/\/canela.rs.gov.br\/sitenovo\/wp-json\/wp\/v2\/comments?post=3704"}],"version-history":[{"count":2,"href":"https:\/\/canela.rs.gov.br\/sitenovo\/wp-json\/wp\/v2\/posts\/3704\/revisions"}],"predecessor-version":[{"id":3712,"href":"https:\/\/canela.rs.gov.br\/sitenovo\/wp-json\/wp\/v2\/posts\/3704\/revisions\/3712"}],"wp:featuredmedia":[{"embeddable":true,"href":"https:\/\/canela.rs.gov.br\/sitenovo\/wp-json\/wp\/v2\/media\/3705"}],"wp:attachment":[{"href":"https:\/\/canela.rs.gov.br\/sitenovo\/wp-json\/wp\/v2\/media?parent=3704"}],"wp:term":[{"taxonomy":"category","embeddable":true,"href":"https:\/\/canela.rs.gov.br\/sitenovo\/wp-json\/wp\/v2\/categories?post=3704"},{"taxonomy":"post_tag","embeddable":true,"href":"https:\/\/canela.rs.gov.br\/sitenovo\/wp-json\/wp\/v2\/tags?post=3704"}],"curies":[{"name":"wp","href":"https:\/\/api.w.org\/{rel}","templated":true}]}}