{"id":3687,"date":"2025-01-16T15:19:00","date_gmt":"2025-01-16T18:19:00","guid":{"rendered":"https:\/\/canela.rs.gov.br\/sitenovo\/?p=3687"},"modified":"2025-02-07T09:15:41","modified_gmt":"2025-02-07T12:15:41","slug":"novo-governo-de-canela-iniciou-com-ampla-operacao-de-limpeza-urbana","status":"publish","type":"post","link":"https:\/\/canela.rs.gov.br\/sitenovo\/novo-governo-de-canela-iniciou-com-ampla-operacao-de-limpeza-urbana\/","title":{"rendered":"Novo governo de Canela iniciou com ampla opera\u00e7\u00e3o de limpeza urbana"},"content":{"rendered":"\n<p>A Prefeitura de Canela, por determina\u00e7\u00e3o do prefeito Gilberto Cezar, iniciou, nos primeiros dias de gest\u00e3o, uma ampla opera\u00e7\u00e3o de limpeza urbana em todo o munic\u00edpio. A a\u00e7\u00e3o, conduzida pela Secretaria de Obras, tem como objetivo garantir a manuten\u00e7\u00e3o dos espa\u00e7os p\u00fablicos, promover mais qualidade de vida para a popula\u00e7\u00e3o e refor\u00e7ar o compromisso com a organiza\u00e7\u00e3o e a preserva\u00e7\u00e3o do patrim\u00f4nio urbano.<\/p>\n\n\n\n<p>As atividades incluem varri\u00e7\u00e3o, capina, coleta de res\u00edduos, revitaliza\u00e7\u00e3o de canteiros de flores, al\u00e9m de interven\u00e7\u00f5es em \u00e1reas de grande circula\u00e7\u00e3o e locais estrat\u00e9gicos, como o Centro de Feiras e o Parque de Rodeios, que em breve sediar\u00e1 um evento de grande relev\u00e2ncia para a cidade.<\/p>\n\n\n\n<p>De acordo com o prefeito Gilberto Cezar, a iniciativa reflete a prioridade da gest\u00e3o em oferecer servi\u00e7os p\u00fablicos eficientes e garantir uma cidade mais limpa e acolhedora. \u201cEssa opera\u00e7\u00e3o representa nosso compromisso com a zeladoria urbana, essencial para o bem-estar de moradores e visitantes, al\u00e9m de contribuir para uma cidade mais organizada e atrativa\u201d, afirmou.<\/p>\n\n\n\n<p>Os trabalhos ter\u00e3o continuidade nos pr\u00f3ximos dias, abrangendo todas as regi\u00f5es do munic\u00edpio, seguindo um cronograma estruturado pelas equipes respons\u00e1veis. A Prefeitura refor\u00e7a a import\u00e2ncia da colabora\u00e7\u00e3o da popula\u00e7\u00e3o para o descarte adequado de res\u00edduos e o cuidado permanente com os espa\u00e7os p\u00fablicos.<\/p>\n\n\n\n<p>A Administra\u00e7\u00e3o Municipal reitera seu compromisso com a excel\u00eancia na presta\u00e7\u00e3o de servi\u00e7os, destacando que essa opera\u00e7\u00e3o \u00e9 o ponto de partida para uma s\u00e9rie de a\u00e7\u00f5es cont\u00ednuas voltadas \u00e0 melhoria da infraestrutura urbana de Canela.<\/p>\n\n\n\n<p><\/p>\n","protected":false},"excerpt":{"rendered":"<p>A Prefeitura de Canela, por determina\u00e7\u00e3o do prefeito Gilberto Cezar, iniciou, nos primeiros dias de gest\u00e3o, uma ampla opera\u00e7\u00e3o de limpeza urbana em todo o munic\u00edpio. A a\u00e7\u00e3o, conduzida pela Secretaria de Obras, tem como objetivo garantir a manuten\u00e7\u00e3o dos espa\u00e7os p\u00fablicos, promover mais qualidade de vida para a popula\u00e7\u00e3o e refor\u00e7ar o compromisso com [&hellip;]<\/p>\n","protected":false},"author":3,"featured_media":3688,"comment_status":"open","ping_status":"open","sticky":false,"template":"","format":"standard","meta":{"footnotes":""},"categories":[53],"tags":[],"class_list":["post-3687","post","type-post","status-publish","format-standard","has-post-thumbnail","hentry","category-post_obras"],"_links":{"self":[{"href":"https:\/\/canela.rs.gov.br\/sitenovo\/wp-json\/wp\/v2\/posts\/3687","targetHints":{"allow":["GET"]}}],"collection":[{"href":"https:\/\/canela.rs.gov.br\/sitenovo\/wp-json\/wp\/v2\/posts"}],"about":[{"href":"https:\/\/canela.rs.gov.br\/sitenovo\/wp-json\/wp\/v2\/types\/post"}],"author":[{"embeddable":true,"href":"https:\/\/canela.rs.gov.br\/sitenovo\/wp-json\/wp\/v2\/users\/3"}],"replies":[{"embeddable":true,"href":"https:\/\/canela.rs.gov.br\/sitenovo\/wp-json\/wp\/v2\/comments?post=3687"}],"version-history":[{"count":1,"href":"https:\/\/canela.rs.gov.br\/sitenovo\/wp-json\/wp\/v2\/posts\/3687\/revisions"}],"predecessor-version":[{"id":3689,"href":"https:\/\/canela.rs.gov.br\/sitenovo\/wp-json\/wp\/v2\/posts\/3687\/revisions\/3689"}],"wp:featuredmedia":[{"embeddable":true,"href":"https:\/\/canela.rs.gov.br\/sitenovo\/wp-json\/wp\/v2\/media\/3688"}],"wp:attachment":[{"href":"https:\/\/canela.rs.gov.br\/sitenovo\/wp-json\/wp\/v2\/media?parent=3687"}],"wp:term":[{"taxonomy":"category","embeddable":true,"href":"https:\/\/canela.rs.gov.br\/sitenovo\/wp-json\/wp\/v2\/categories?post=3687"},{"taxonomy":"post_tag","embeddable":true,"href":"https:\/\/canela.rs.gov.br\/sitenovo\/wp-json\/wp\/v2\/tags?post=3687"}],"curies":[{"name":"wp","href":"https:\/\/api.w.org\/{rel}","templated":true}]}}