{"id":3684,"date":"2025-01-16T15:06:00","date_gmt":"2025-01-16T18:06:00","guid":{"rendered":"https:\/\/canela.rs.gov.br\/sitenovo\/?p=3684"},"modified":"2025-02-07T09:15:28","modified_gmt":"2025-02-07T12:15:28","slug":"reuniao-decide-retomada-das-obras-de-pavimentacao-da-homero-pacheco","status":"publish","type":"post","link":"https:\/\/canela.rs.gov.br\/sitenovo\/reuniao-decide-retomada-das-obras-de-pavimentacao-da-homero-pacheco\/","title":{"rendered":"Reuni\u00e3o decide retomada das obras de pavimenta\u00e7\u00e3o da Homero Pacheco"},"content":{"rendered":"\n<p>As obras de pavimenta\u00e7\u00e3o da Rua Homero Pacheco, que estavam paralisadas, foram oficialmente retomadas, ap\u00f3s uma reuni\u00e3o decisiva entre o prefeito Gilberto Cezar e diretores da empresa respons\u00e1vel, a Conpasul, representada por Giovani Luzzatto. Durante a reuni\u00e3o, foram acertados os detalhes operacionais e o cronograma para a continuidade dos trabalhos. A obra s\u00f3 foi poss\u00edvel gra\u00e7as aos recursos destinados pelo programa estadual Pavimenta, assinado pelo governador Eduardo Leite, que tem como objetivo impulsionar melhorias na infraestrutura das cidades ga\u00fachas.<\/p>\n\n\n\n<p>\u201cEssa obra \u00e9 essencial para a mobilidade e qualidade de vida dos moradores. Estamos felizes em anunciar que os trabalhos foram reiniciados e que agora avan\u00e7aremos para a conclus\u00e3o dentro do prazo revisado\u201d, declarou o prefeito ap\u00f3s o encontro. A Rua Homero Pacheco, que desempenha um papel estrat\u00e9gico para o tr\u00e2nsito local, receber\u00e1 pavimenta\u00e7\u00e3o e melhorias no sistema de drenagem.<\/p>\n\n\n\n<p>A Conpasul garantiu intensificar os esfor\u00e7os para concluir a obra no menor tempo poss\u00edvel. As m\u00e1quinas e equipes j\u00e1 est\u00e3o trabalhando no local, trazendo al\u00edvio e esperan\u00e7a \u00e0 comunidade, que aguardava ansiosamente pela conclus\u00e3o do projeto.<\/p>\n","protected":false},"excerpt":{"rendered":"<p>As obras de pavimenta\u00e7\u00e3o da Rua Homero Pacheco, que estavam paralisadas, foram oficialmente retomadas, ap\u00f3s uma reuni\u00e3o decisiva entre o prefeito Gilberto Cezar e diretores da empresa respons\u00e1vel, a Conpasul, representada por Giovani Luzzatto. Durante a reuni\u00e3o, foram acertados os detalhes operacionais e o cronograma para a continuidade dos trabalhos. A obra s\u00f3 foi poss\u00edvel [&hellip;]<\/p>\n","protected":false},"author":3,"featured_media":3685,"comment_status":"open","ping_status":"open","sticky":false,"template":"","format":"standard","meta":{"footnotes":""},"categories":[53],"tags":[],"class_list":["post-3684","post","type-post","status-publish","format-standard","has-post-thumbnail","hentry","category-post_obras"],"_links":{"self":[{"href":"https:\/\/canela.rs.gov.br\/sitenovo\/wp-json\/wp\/v2\/posts\/3684","targetHints":{"allow":["GET"]}}],"collection":[{"href":"https:\/\/canela.rs.gov.br\/sitenovo\/wp-json\/wp\/v2\/posts"}],"about":[{"href":"https:\/\/canela.rs.gov.br\/sitenovo\/wp-json\/wp\/v2\/types\/post"}],"author":[{"embeddable":true,"href":"https:\/\/canela.rs.gov.br\/sitenovo\/wp-json\/wp\/v2\/users\/3"}],"replies":[{"embeddable":true,"href":"https:\/\/canela.rs.gov.br\/sitenovo\/wp-json\/wp\/v2\/comments?post=3684"}],"version-history":[{"count":1,"href":"https:\/\/canela.rs.gov.br\/sitenovo\/wp-json\/wp\/v2\/posts\/3684\/revisions"}],"predecessor-version":[{"id":3686,"href":"https:\/\/canela.rs.gov.br\/sitenovo\/wp-json\/wp\/v2\/posts\/3684\/revisions\/3686"}],"wp:featuredmedia":[{"embeddable":true,"href":"https:\/\/canela.rs.gov.br\/sitenovo\/wp-json\/wp\/v2\/media\/3685"}],"wp:attachment":[{"href":"https:\/\/canela.rs.gov.br\/sitenovo\/wp-json\/wp\/v2\/media?parent=3684"}],"wp:term":[{"taxonomy":"category","embeddable":true,"href":"https:\/\/canela.rs.gov.br\/sitenovo\/wp-json\/wp\/v2\/categories?post=3684"},{"taxonomy":"post_tag","embeddable":true,"href":"https:\/\/canela.rs.gov.br\/sitenovo\/wp-json\/wp\/v2\/tags?post=3684"}],"curies":[{"name":"wp","href":"https:\/\/api.w.org\/{rel}","templated":true}]}}