{"id":16517,"date":"2026-09-03T16:32:45","date_gmt":"2026-09-03T19:32:45","guid":{"rendered":"https:\/\/canela.rs.gov.br\/sitenovo\/?p=16517"},"modified":"2026-09-03T16:46:48","modified_gmt":"2026-09-03T19:46:48","slug":"rs-qualificacao-recomecar-canela-oferece-45-vagas-para-cursos-de-jardinagem-pintura-de-obras-e-instalacao-de-porcelanatos","status":"publish","type":"post","link":"https:\/\/canela.rs.gov.br\/sitenovo\/rs-qualificacao-recomecar-canela-oferece-45-vagas-para-cursos-de-jardinagem-pintura-de-obras-e-instalacao-de-porcelanatos\/","title":{"rendered":"RS Qualifica\u00e7\u00e3o Recome\u00e7ar: Canela oferece 45 vagas para cursos de jardinagem, pintura de obras e instala\u00e7\u00e3o de porcelanatos"},"content":{"rendered":"\n<p class=\"wp-block-paragraph\">Com o objetivo de ampliar as oportunidades de forma\u00e7\u00e3o e qualifica\u00e7\u00e3o profissional, Canela inicia a segunda etapa do programa RS Qualifica\u00e7\u00e3o Recome\u00e7ar, desenvolvido por meio de conv\u00eanio com o Governo do Estado do Rio Grande do Sul, por meio da Secretaria do Trabalho e Desenvolvimento Profissional \u2013 STDP, atrav\u00e9s do edital p\u00fablico n\u00ba 02\/2025.<\/p>\n\n\n\n<p class=\"wp-block-paragraph\">A partir desta quinta-feira, 3 de setembro, est\u00e3o abertas as inscri\u00e7\u00f5es para tr\u00eas novos cursos profissionalizantes: Jardinagem e Paisagismo, Pintura de Obras e Instala\u00e7\u00e3o de Porcelanatos. Ao todo, ser\u00e3o disponibilizadas 45 vagas, sendo 15 para cada forma\u00e7\u00e3o.<\/p>\n\n\n\n<p class=\"wp-block-paragraph\">A iniciativa busca atender, especialmente, pessoas desempregadas e inscritas no Cadastro \u00danico (Cad\u00danico). Os participantes tamb\u00e9m poder\u00e3o ter acesso \u00e0 bolsa-perman\u00eancia, conforme os crit\u00e9rios estabelecidos pelo programa.<\/p>\n\n\n\n<p class=\"wp-block-paragraph\">Cursos<br>O curso de Jardinagem e Paisagismo ter\u00e1 dura\u00e7\u00e3o de 60 horas\/aula e contar\u00e1 com uma turma de 15 alunos. As aulas ser\u00e3o realizadas de segunda a sexta-feira, das 8h ao meio-dia e das 13h \u00e0s 17h, no Parque do Sesi.<\/p>\n\n\n\n<p class=\"wp-block-paragraph\">J\u00e1 o curso de Pintura de Obras ter\u00e1 40 horas\/aula, tamb\u00e9m com 15 vagas. As aulas ocorrer\u00e3o de 27 de outubro a 3 de novembro, de segunda a sexta-feira, nos mesmos hor\u00e1rios e local.<\/p>\n\n\n\n<p class=\"wp-block-paragraph\">Encerrando a programa\u00e7\u00e3o, o curso de Instala\u00e7\u00e3o de Porcelanatos ter\u00e1 dura\u00e7\u00e3o de 80 horas\/aula, com aulas de 16 a 23 de novembro, de segunda a sexta-feira, das 8h ao meio-dia e das 13h \u00e0s 17h, no Parque do Sesi.<\/p>\n\n\n\n<p class=\"wp-block-paragraph\">Bolsa-perman\u00eancia<br>O Programa RS Qualifica\u00e7\u00e3o Recome\u00e7ar tamb\u00e9m prev\u00ea bolsa-perman\u00eancia para os matriculados nos cursos que comprovarem frequ\u00eancia m\u00ednima de 80% e aproveitamento e que atendam aos crit\u00e9rios de sele\u00e7\u00e3o previstos no edital de sele\u00e7\u00e3o dos alunos.<br>Com carga hor\u00e1ria de 40 horas e 60 horas\/aula de forma\u00e7\u00e3o conclu\u00eddas, o estudante poder\u00e1 receber R$ 750,00 como aux\u00edlio para a continuidade dos estudos. O valor m\u00e1ximo da bolsa \u00e9 de R$ 1.500,00 para estudantes matriculados nos cursos com carga hor\u00e1ria de 80 horas.<\/p>\n\n\n\n<p class=\"wp-block-paragraph\">Inscri\u00e7\u00f5es<br>As inscri\u00e7\u00f5es podem ser realizadas de 3 a 27 de setembro, presencialmente, no Centro Integrado de Desenvolvimento e Inova\u00e7\u00e3o (Cidica), no bairro Boeira.<\/p>\n\n\n\n<p class=\"wp-block-paragraph\">No momento da inscri\u00e7\u00e3o, os interessados dever\u00e3o apresentar:<br>Documento de identifica\u00e7\u00e3o com foto (RG ou CNH);<br>CPF;<br>Comprovante de resid\u00eancia atualizado;<br>Carteira de Trabalho;<br>Comprovante de inscri\u00e7\u00e3o no Cad\u00danico, quando houver;<br>Para menores de 18 anos, documento de identifica\u00e7\u00e3o do respons\u00e1vel legal.<br>A classifica\u00e7\u00e3o final, com a rela\u00e7\u00e3o dos selecionados, ser\u00e1 divulgada em 2 de outubro, conforme os crit\u00e9rios estabelecidos no edital, no site oficial e no Mural de Publica\u00e7\u00f5es Oficiais da Prefeitura de Canela.<\/p>\n\n\n\n<p class=\"wp-block-paragraph\">Mais informa\u00e7\u00f5es sobre a sele\u00e7\u00e3o e os cursos do Programa RS Qualifica\u00e7\u00e3o Recome\u00e7ar em Canela podem ser obtidas pelo e-mail <a href=\"mailto:desenvolvimento@canela.rs.gov.br\">desenvolvimento@canela.rs.gov.br<\/a>, pelo telefone ou WhatsApp (54) 3282-5167<\/p>\n\n\n\n<div data-wp-interactive=\"core\/file\" class=\"wp-block-file\"><object data-wp-bind--hidden=\"!state.hasPdfPreview\" hidden class=\"wp-block-file__embed\" data=\"https:\/\/canela.rs.gov.br\/sitenovo\/wp-content\/uploads\/2026\/09\/Edital_02_2026_atualizado_curso_05-10-2026-1-1-1.pdf\" type=\"application\/pdf\" style=\"width:100%;height:600px\" aria-label=\"Incorporado de Edital_02_2026_atualizado_curso_05-10-2026 (1) (1) (1).\"><\/object><a id=\"wp-block-file--media-b630a5d1-e015-4e23-8cba-308e3b9f6369\" href=\"https:\/\/canela.rs.gov.br\/sitenovo\/wp-content\/uploads\/2026\/09\/Edital_02_2026_atualizado_curso_05-10-2026-1-1-1.pdf\">Edital_02_2026_atualizado_curso_05-10-2026 (1) (1) (1)<\/a><a href=\"https:\/\/canela.rs.gov.br\/sitenovo\/wp-content\/uploads\/2026\/09\/Edital_02_2026_atualizado_curso_05-10-2026-1-1-1.pdf\" class=\"wp-block-file__button wp-element-button\" download aria-describedby=\"wp-block-file--media-b630a5d1-e015-4e23-8cba-308e3b9f6369\">Baixar<\/a><\/div>\n","protected":false},"excerpt":{"rendered":"<p>Com o objetivo de ampliar as oportunidades de forma\u00e7\u00e3o e qualifica\u00e7\u00e3o profissional, Canela inicia a segunda etapa do programa RS Qualifica\u00e7\u00e3o Recome\u00e7ar, desenvolvido por meio de conv\u00eanio com o Governo do Estado do Rio Grande do Sul, por meio da Secretaria do Trabalho e Desenvolvimento Profissional \u2013 STDP, atrav\u00e9s do edital p\u00fablico n\u00ba 02\/2025. A [&hellip;]<\/p>\n","protected":false},"author":3,"featured_media":16521,"comment_status":"open","ping_status":"open","sticky":false,"template":"","format":"standard","meta":{"footnotes":""},"categories":[143],"tags":[],"class_list":["post-16517","post","type-post","status-publish","format-standard","has-post-thumbnail","hentry","category-cidica"],"_links":{"self":[{"href":"https:\/\/canela.rs.gov.br\/sitenovo\/wp-json\/wp\/v2\/posts\/16517","targetHints":{"allow":["GET"]}}],"collection":[{"href":"https:\/\/canela.rs.gov.br\/sitenovo\/wp-json\/wp\/v2\/posts"}],"about":[{"href":"https:\/\/canela.rs.gov.br\/sitenovo\/wp-json\/wp\/v2\/types\/post"}],"author":[{"embeddable":true,"href":"https:\/\/canela.rs.gov.br\/sitenovo\/wp-json\/wp\/v2\/users\/3"}],"replies":[{"embeddable":true,"href":"https:\/\/canela.rs.gov.br\/sitenovo\/wp-json\/wp\/v2\/comments?post=16517"}],"version-history":[{"count":6,"href":"https:\/\/canela.rs.gov.br\/sitenovo\/wp-json\/wp\/v2\/posts\/16517\/revisions"}],"predecessor-version":[{"id":16527,"href":"https:\/\/canela.rs.gov.br\/sitenovo\/wp-json\/wp\/v2\/posts\/16517\/revisions\/16527"}],"wp:featuredmedia":[{"embeddable":true,"href":"https:\/\/canela.rs.gov.br\/sitenovo\/wp-json\/wp\/v2\/media\/16521"}],"wp:attachment":[{"href":"https:\/\/canela.rs.gov.br\/sitenovo\/wp-json\/wp\/v2\/media?parent=16517"}],"wp:term":[{"taxonomy":"category","embeddable":true,"href":"https:\/\/canela.rs.gov.br\/sitenovo\/wp-json\/wp\/v2\/categories?post=16517"},{"taxonomy":"post_tag","embeddable":true,"href":"https:\/\/canela.rs.gov.br\/sitenovo\/wp-json\/wp\/v2\/tags?post=16517"}],"curies":[{"name":"wp","href":"https:\/\/api.w.org\/{rel}","templated":true}]}}