{"id":16512,"date":"2026-09-02T14:29:31","date_gmt":"2026-09-02T17:29:31","guid":{"rendered":"https:\/\/canela.rs.gov.br\/sitenovo\/?p=16512"},"modified":"2026-09-02T15:46:04","modified_gmt":"2026-09-02T18:46:04","slug":"feira-de-adocao-do-cempra-tera-edicao-especial-durante-o-evento-sabores-de-canela","status":"publish","type":"post","link":"https:\/\/canela.rs.gov.br\/sitenovo\/feira-de-adocao-do-cempra-tera-edicao-especial-durante-o-evento-sabores-de-canela\/","title":{"rendered":"Feira de Ado\u00e7\u00e3o do Cempra ter\u00e1 edi\u00e7\u00e3o especial durante o evento Sabores de Canela"},"content":{"rendered":"\n<p class=\"wp-block-paragraph\">O Centro Municipal de Prote\u00e7\u00e3o Animal de Canela (Cempra) realiza, nesta sexta-feira, dia 4, e no s\u00e1bado, dia 5 de setembro, uma edi\u00e7\u00e3o especial da Feira de Ado\u00e7\u00e3o de c\u00e3es abrigados pelo munic\u00edpio. A a\u00e7\u00e3o ocorrer\u00e1 das 14h \u00e0s 17h, integrada \u00e0 programa\u00e7\u00e3o do Sabores de Canela.<\/p>\n\n\n\n<p class=\"wp-block-paragraph\">Durante os dois dias, a comunidade poder\u00e1 conhecer os animais que est\u00e3o dispon\u00edveis para ado\u00e7\u00e3o e receber informa\u00e7\u00f5es sobre o processo de ado\u00e7\u00e3o respons\u00e1vel. A iniciativa busca ampliar as oportunidades para que c\u00e3es e gatos acolhidos pelo Abrigo Municipal encontrem novos lares.<\/p>\n\n\n\n<p class=\"wp-block-paragraph\">A participa\u00e7\u00e3o do Cempra no evento tamb\u00e9m ser\u00e1 uma oportunidade para a comunidade contribuir com a Campanha do Agasalho Pet, que segue at\u00e9 o final de setembro. Podem ser doadas roupinhas, mantas, cobertores, guias e brinquedos, que ser\u00e3o destinados aos animais acolhidos no Abrigo Municipal.<\/p>\n\n\n\n<p class=\"wp-block-paragraph\">Quem tiver interesse em conhecer os animais dispon\u00edveis para ado\u00e7\u00e3o tamb\u00e9m pode visitar o Abrigo Municipal, localizado no Banhado Grande, interior do munic\u00edpio. O Cempra funciona de segunda a sexta-feira, das 8h \u00e0s 11h30 e das 13h \u00e0s 16h.<\/p>\n\n\n\n<p class=\"wp-block-paragraph\">Mais informa\u00e7\u00f5es podem ser obtidas pelo telefone (54) 3282-5148 ou pelo WhatsApp (54) 9 9903-3293.<\/p>\n\n\n\n<p class=\"wp-block-paragraph\"><strong>AGENDA SETEMBRO<\/strong><br>12\/09 \u2013 Feira de ado\u00e7\u00e3o &#8211; na Pra\u00e7a Jo\u00e3o Corr\u00eaa &#8211; Canela + verde &#8211; das 9h \u00e0s 13h &#8211; Semana Farroupilha<br>12\/09 \u2013 Feira de ado\u00e7\u00e3o na Cervejaria Viking Bier &#8211; das 15h \u00e0s 18h<br>19\/09 &#8211; Mateada com Feira de ado\u00e7\u00e3o &#8211; Pet Center &#8211; 9h \u00e0s 13h<br>20\/09 &#8211; Feira de ado\u00e7\u00e3o &#8211; das 14h \u00e0s 17h &#8211; Pra\u00e7a Jo\u00e3o Corr\u00eaa<br>Dia 26 e 27 &#8211; Feira de ado\u00e7\u00e3o &#8211; no evento Feira de Sa\u00fade &#8211;&nbsp;&nbsp;MCA (Moto Clube Adventista) de Canela &#8211;&nbsp;&nbsp;Pra\u00e7a Jo\u00e3o Corr\u00eaa &#8211; das 9h&nbsp;as 13h.<\/p>\n","protected":false},"excerpt":{"rendered":"<p>O Centro Municipal de Prote\u00e7\u00e3o Animal de Canela (Cempra) realiza, nesta sexta-feira, dia 4, e no s\u00e1bado, dia 5 de setembro, uma edi\u00e7\u00e3o especial da Feira de Ado\u00e7\u00e3o de c\u00e3es abrigados pelo munic\u00edpio. A a\u00e7\u00e3o ocorrer\u00e1 das 14h \u00e0s 17h, integrada \u00e0 programa\u00e7\u00e3o do Sabores de Canela. Durante os dois dias, a comunidade poder\u00e1 conhecer [&hellip;]<\/p>\n","protected":false},"author":3,"featured_media":16513,"comment_status":"open","ping_status":"open","sticky":false,"template":"","format":"standard","meta":{"footnotes":""},"categories":[218],"tags":[],"class_list":["post-16512","post","type-post","status-publish","format-standard","has-post-thumbnail","hentry","category-causa-animal"],"_links":{"self":[{"href":"https:\/\/canela.rs.gov.br\/sitenovo\/wp-json\/wp\/v2\/posts\/16512","targetHints":{"allow":["GET"]}}],"collection":[{"href":"https:\/\/canela.rs.gov.br\/sitenovo\/wp-json\/wp\/v2\/posts"}],"about":[{"href":"https:\/\/canela.rs.gov.br\/sitenovo\/wp-json\/wp\/v2\/types\/post"}],"author":[{"embeddable":true,"href":"https:\/\/canela.rs.gov.br\/sitenovo\/wp-json\/wp\/v2\/users\/3"}],"replies":[{"embeddable":true,"href":"https:\/\/canela.rs.gov.br\/sitenovo\/wp-json\/wp\/v2\/comments?post=16512"}],"version-history":[{"count":1,"href":"https:\/\/canela.rs.gov.br\/sitenovo\/wp-json\/wp\/v2\/posts\/16512\/revisions"}],"predecessor-version":[{"id":16514,"href":"https:\/\/canela.rs.gov.br\/sitenovo\/wp-json\/wp\/v2\/posts\/16512\/revisions\/16514"}],"wp:featuredmedia":[{"embeddable":true,"href":"https:\/\/canela.rs.gov.br\/sitenovo\/wp-json\/wp\/v2\/media\/16513"}],"wp:attachment":[{"href":"https:\/\/canela.rs.gov.br\/sitenovo\/wp-json\/wp\/v2\/media?parent=16512"}],"wp:term":[{"taxonomy":"category","embeddable":true,"href":"https:\/\/canela.rs.gov.br\/sitenovo\/wp-json\/wp\/v2\/categories?post=16512"},{"taxonomy":"post_tag","embeddable":true,"href":"https:\/\/canela.rs.gov.br\/sitenovo\/wp-json\/wp\/v2\/tags?post=16512"}],"curies":[{"name":"wp","href":"https:\/\/api.w.org\/{rel}","templated":true}]}}